{"id":135127,"date":"2015-02-18T19:47:00","date_gmt":"2015-02-18T18:47:00","guid":{"rendered":"http:\/\/www.fuldaer-nachrichten.de\/?p=135127"},"modified":"2015-02-18T19:47:00","modified_gmt":"2015-02-18T18:47:00","slug":"jugendhilfeeinrichtung-violeta-ggmbh-betreut-von-gewalt-betroffene-maedchen","status":"publish","type":"post","link":"https:\/\/www.fuldaernachrichten.de\/?p=135127","title":{"rendered":"Jugendhilfeeinrichtung Violeta gGmbH betreut von Gewalt betroffene M\u00e4dchen"},"content":{"rendered":"<p>Weg von zuhause, weg von Gewalt, Missachtung, Verletzung: M\u00e4dchen, die von Violeta betreut werden, haben bereits einen langen Leidensweg durchlebt. Die Mitarbeiterinnen der gemeinn\u00fctzigen Jugendhilfeeinrichtung m\u00f6chten ihnen eine neue Heimat bieten, bei der Bew\u00e4ltigung des Erfahrenen helfen, sie sch\u00fctzen und stark machen f\u00fcr ihre Zukunft.<\/p>\n<p>Gegr\u00fcndet wurde die Violeta gGmbH mit Sitz in Schlitz im Jahr 1993. \u201eAusl\u00f6ser war die Arbeit in einem Frauenhaus, dort haben wir festgestellt, dass man den von Gewalt betroffenen M\u00e4dchen in diesem Rahmen nicht gerecht werden kann\u201c, erz\u00e4hlt Elvira M\u00fchleck. Gemeinsam mit Eva Schlegel ist sie eine der beiden Gesch\u00e4ftsf\u00fchrerinnen, beide geh\u00f6ren zu den Gr\u00fcndungsverantwortlichen von Violeta.<\/p>\n<p>\u00dcber die Jahre hat sich das Konzept der Arbeit von Violeta herauskristallisiert. Dazu z\u00e4hlen mehrere Wohngruppen in den Landkreisen Fulda und Vogelsberg sowie in der Stadt Fulda. Es gibt station\u00e4re Wohngruppen f\u00fcr bis zu neun M\u00e4dchen und junge Frauen ebenso wie Trainingswohngruppen oder sogenannte Intensiv-Sozialp\u00e4dagogische Ma\u00dfnahmen. \u201eHier sind f\u00fcnf Betreuer rund um die Uhr ausschlie\u00dflich f\u00fcr zwei Kinder oder Jugendliche da\u201c, erkl\u00e4rt Eva Schlegel und ihre Kollegin erg\u00e4nzt: \u201eEiner unserer Leits\u00e4tze ist: \u00e2\u20ac\u0161Jedes Kind bekommt das, was es braucht.\u00e2\u20ac\u02dc\u201c<\/p>\n<p>Wie sich das konkret gestaltet, ist so individuell verschieden, wie die Betreuten selbst. \u201eDie M\u00e4dchen sind durch ihre Erfahrungen in der Vergangenheit stark traumatisiert\u201c, schildert Elvira M\u00fchleck die Hintergr\u00fcnde, \u201eein Leben zum Beispiel in einer Pflegefamilie w\u00e4re f\u00fcr sie nicht das Richtige.\u201c Als Teil eines solchen Familiengef\u00fcges k\u00f6nnten sie sich an das eigene, negativ Erlebte erinnert f\u00fchlen. \u201eDie meisten der M\u00e4dchen und jungen Frauen, die aus dem gesamten Bundesgebiet zu uns kommen, lebten vor ihrer Aufnahme in eine Violeta-Gruppe in Kliniken\u201c, erkl\u00e4rt Elvira M\u00fchleck und f\u00fcgt an: \u201eAn ein Leben au\u00dferhalb m\u00fcssen sie sich erst langsam gew\u00f6hnen.\u201c Ist ein Platz bei Violeta frei, vergehen mehrere Monate bis ein M\u00e4dchen dauerhaft in einer Wohngruppe leben kann. Denn Schritt f\u00fcr Schritt n\u00e4hert man sich aneinander und an ein normaleres Alltagsleben, in dem auch wieder Schule und ein neuer Freundeskreis Platz finden k\u00f6nnen, an.<\/p>\n<p>Ohne einen hohen Einsatz von Personal w\u00e4re eine solche Arbeit f\u00fcr die beiden Gesch\u00e4ftsf\u00fchrerinnen nicht leistbar: Bei Violeta sind f\u00fcnf Therapeutinnen je nach individuellem Bedarf und insgesamt 120 festangestellte Betreuerinnen Tag und Nacht als Ansprechpartner f\u00fcr 72 M\u00e4dchen und junge Frauen da. Hauswirtschafterinnen und Fahrer helfen, den Alltag zu organisieren. Fachlichen Austausch und Rat gew\u00e4hrleistet eine Kooperation mit der Marburger Vitos-Klinik. Violeta selbst gibt seinen ausschlie\u00dflich weiblichen Erzieherinnen mit fachlichen Weiterbildungen das R\u00fcstzeug f\u00fcr die spezialisierte Arbeit mit.<\/p>\n<p>\u201eUnsere Mitarbeiterinnen m\u00fcssen eine ganz besondere innere Haltung mitbringen, eine Beziehung zu den M\u00e4dchen aufbauen k\u00f6nnen und t\u00e4glich den Spagat zwischen Distanz und N\u00e4he schaffen\u201c, erz\u00e4hlen die Gesch\u00e4ftsf\u00fchrerinnen und erg\u00e4nzen: \u201eDiese Arbeit kann aufreibend sein, und man muss immer wieder die kleinen Erfolge im Blick behalten.\u201c<\/p>\n<p>Zum Bild: Die Gesch\u00e4ftsf\u00fchrerinnen Elvira M\u00fchleck (links) und Eva Schlegel geh\u00f6ren zu den Gr\u00fcndungsverantwortlichen der Violeta gGmbH.<\/p>\n","protected":false},"excerpt":{"rendered":"<div class=\"tmnf_excerpt\"><p>Weg von zuhause, weg von Gewalt, Missachtung, Verletzung: M\u00e4dchen, die von Violeta betreut werden, haben bereits einen langen Leidensweg durchlebt. Die Mitarbeiterinnen der gemeinn\u00fctzigen Jugendhilfeeinrichtung m\u00f6chten ihnen eine neue Heimat bieten, bei der Bew\u00e4ltigung des Erfahrenen helfen, sie sch\u00fctzen und stark machen f\u00fcr ihre Zukunft. Gegr\u00fcndet wurde die Violeta gGmbH mit Sitz in Schlitz im &hellip;<\/p>\n<\/div>","protected":false},"author":1,"featured_media":135128,"comment_status":"closed","ping_status":"closed","sticky":false,"template":"","format":"standard","meta":{"footnotes":""},"categories":[1,72,29],"tags":[],"class_list":["post-135127","post","type-post","status-publish","format-standard","has-post-thumbnail","hentry","category-startseite","category-jugend","category-politik"],"_links":{"self":[{"href":"https:\/\/www.fuldaernachrichten.de\/index.php?rest_route=\/wp\/v2\/posts\/135127","targetHints":{"allow":["GET"]}}],"collection":[{"href":"https:\/\/www.fuldaernachrichten.de\/index.php?rest_route=\/wp\/v2\/posts"}],"about":[{"href":"https:\/\/www.fuldaernachrichten.de\/index.php?rest_route=\/wp\/v2\/types\/post"}],"author":[{"embeddable":true,"href":"https:\/\/www.fuldaernachrichten.de\/index.php?rest_route=\/wp\/v2\/users\/1"}],"replies":[{"embeddable":true,"href":"https:\/\/www.fuldaernachrichten.de\/index.php?rest_route=%2Fwp%2Fv2%2Fcomments&post=135127"}],"version-history":[{"count":1,"href":"https:\/\/www.fuldaernachrichten.de\/index.php?rest_route=\/wp\/v2\/posts\/135127\/revisions"}],"predecessor-version":[{"id":135129,"href":"https:\/\/www.fuldaernachrichten.de\/index.php?rest_route=\/wp\/v2\/posts\/135127\/revisions\/135129"}],"wp:featuredmedia":[{"embeddable":true,"href":"https:\/\/www.fuldaernachrichten.de\/index.php?rest_route=\/wp\/v2\/media\/135128"}],"wp:attachment":[{"href":"https:\/\/www.fuldaernachrichten.de\/index.php?rest_route=%2Fwp%2Fv2%2Fmedia&parent=135127"}],"wp:term":[{"taxonomy":"category","embeddable":true,"href":"https:\/\/www.fuldaernachrichten.de\/index.php?rest_route=%2Fwp%2Fv2%2Fcategories&post=135127"},{"taxonomy":"post_tag","embeddable":true,"href":"https:\/\/www.fuldaernachrichten.de\/index.php?rest_route=%2Fwp%2Fv2%2Ftags&post=135127"}],"curies":[{"name":"wp","href":"https:\/\/api.w.org\/{rel}","templated":true}]}}