{"id":135076,"date":"2015-02-17T19:23:13","date_gmt":"2015-02-17T18:23:13","guid":{"rendered":"http:\/\/www.fuldaer-nachrichten.de\/?p=135076"},"modified":"2015-02-17T19:23:13","modified_gmt":"2015-02-17T18:23:13","slug":"bewegungs-und-talentcheck-sorgt-fuer-furore-in-der-fachwelt","status":"publish","type":"post","link":"https:\/\/www.fuldaernachrichten.de\/?p=135076","title":{"rendered":"Bewegungs- und Talentcheck sorgt f\u00fcr Furore in der Fachwelt"},"content":{"rendered":"<p>Mit gro\u00dfer Begeisterung haben sich im Herbst fast 1.900 Sch\u00fclerinnen und Sch\u00fcler der zweiten Klassen aus dem Landkreis und der Stadt am mittlerweile f\u00fcnften Durchgang des Fuldaer Bewegungs- und Talentchecks beteiligt. Bei dem Testverfahren geht es um die Feststellung der motorischen Leistungsf\u00e4higkeit im Grundschulalter und die Ermittlung von sportlichen Begabungsprofilen. Die jeweils sechs besten M\u00e4dchen und Jungen wurden jetzt geehrt.<\/p>\n<p>Erster Kreisbeigeordneter Dr. Heiko Wingenfeld konnten sie mit ihren Eltern im Landratsamt begr\u00fc\u00dfen. Ein besonderer Willkommensgru\u00df galt B\u00fcrgermeister Dag Wehner, der erstmals an einer Siegerehrung des gemeinsam vom Landkreis und der Stadt durchgef\u00fchrten Bewegungs- und Talentchecks teilnahm, Wolfgang G\u00f6b von der Sparkasse Fulda und Lars Wendt von der Schwenninger Betriebskrankenkasse als Vertreter der Sponsoren sowie Professor Andreas Hohmann von der Universit\u00e4t Bayreuth als Initiator und wissenschaftlichen Leiter der kreisweiten Erhebung.<\/p>\n<p>R\u00fcckblickend stellte Vize-Landrat Dr. Wingenfeld fest, dass fast alle getesteten Kinder sehr motiviert gewesen seien. Er habe gar nicht gewusst, dass es so viele sportliche Talente in der Region gebe. \u201eIhr seid sozusagen die Allersportlichsten\u201c, sagte er an die Adresse der geehrten Kinder und w\u00fcnschte allen Teilnehmern am Bewegungs- und Talentcheck auch weiterhin viel Spa\u00df beim Sport. B\u00fcrgermeister Wehner unterstrich, dass Ern\u00e4hrung und Bewegung immer mehr in den Blickpunkt der Kommunalpolitik r\u00fcckten. Beides seien wichtige Themen im Rahmen der Gesundheitsvorsorge.<\/p>\n<p>Nach den Worten von Professor Hohmann habe der Fuldaer Bewegungs- und Talentcheck in der Fachwelt gerade vor dem Hintergrund einer m\u00f6glichen Olympiabewerbung Deutschlands f\u00fcr Furore gesorgt. Er sei sogar zu einer Art Exportschlager geworden, weil auch im chinesischen Shanghai Kinder mit diesem Verfahren getestet w\u00fcrden. Es gehe aber nicht nur um eine Auswahl und Steuerung von sportlichen Talenten. Auch f\u00fcr die motorisch schw\u00e4cheren Grundsch\u00fcler solle etwas getan werden, indem sie an einem kostenlosen Bewegungstraining teilnehmen k\u00f6nnten.<\/p>\n<p>Die Auswertung der Daten von rund 7.300 erfassten Kindern zeige, dass die Fuldaer Testpersonen beim bundesweiten Vergleich \u00fcberdurchschnittlich leistungsf\u00e4hig vor allem im Bereich der Koordination seien. Der Sportwissenschaftler f\u00fchrt dies auf eine motorisch anregende Umgebung im l\u00e4ndlichen Raum zur\u00fcck, die vielf\u00e4ltige au\u00dferh\u00e4usliche Aktivit\u00e4ten erm\u00f6gliche. Die Grundlagen f\u00fcr sportliche Erfolge w\u00fcrden, so Hohmann, durch die Unterst\u00fctzung der Eltern und die F\u00f6rderung im Verein gelegt. \u201eTalent in Form der richtigen Gene reicht aber nicht aus, hinzu kommt harte Arbeit.\u201c<\/p>\n<p>Auch im kommenden Herbst soll es wieder einen Bewegungs- und Talentcheck geben. Von den Ergebnissen erhoffen sich die Verantwortlichen unter anderem weitere Erkenntnisse f\u00fcr die geplante Erstellung einer motorischen Landkarte der Region. Diese k\u00f6nnte beispielsweise Hinweise f\u00fcr den Ausbau der sportlichen Infrastruktur geben. Die Repr\u00e4sentanten der Sparkasse Fulda und der Schwenninger Betriebskrankenkasse haben anl\u00e4sslich der Siegerehrung bereits ihre Zusage erteilt, den Fuldaer Bewegungs- und Talentcheck auch k\u00fcnftig finanziell unterst\u00fctzen zu wollen.<\/p>\n<p>Die Preistr\u00e4ger<br \/>\nJungen<br \/>\nLuc Pomnitz (Rasdorf-Setzelbach)<br \/>\nAaron Thonius (Kalbach)<br \/>\nPaul Beaujean (Petersberg)<br \/>\nSebastian Grusel (Kalbach)<br \/>\nJakub Teply (H\u00fcnfeld)<br \/>\nGabriel Hohmann (Gro\u00dfenl\u00fcder)<\/p>\n<p>M\u00e4dchen<br \/>\nSophia Kohlstruck (Fulda)<br \/>\nAlicia Hohmann (Burghaun-Steinbach)<br \/>\nJasmin Girlach (Gersfeld-Dalherda)<br \/>\nMarie Wagner (Dipperz)<br \/>\nJohanna Vogt (Burghaun-Steinbach)<br \/>\nEllena Hahn (Rasdorf)<\/p>\n","protected":false},"excerpt":{"rendered":"<div class=\"tmnf_excerpt\"><p>Mit gro\u00dfer Begeisterung haben sich im Herbst fast 1.900 Sch\u00fclerinnen und Sch\u00fcler der zweiten Klassen aus dem Landkreis und der Stadt am mittlerweile f\u00fcnften Durchgang des Fuldaer Bewegungs- und Talentchecks beteiligt. Bei dem Testverfahren geht es um die Feststellung der motorischen Leistungsf\u00e4higkeit im Grundschulalter und die Ermittlung von sportlichen Begabungsprofilen. Die jeweils sechs besten M\u00e4dchen &hellip;<\/p>\n<\/div>","protected":false},"author":1,"featured_media":135077,"comment_status":"closed","ping_status":"closed","sticky":false,"template":"","format":"standard","meta":{"footnotes":""},"categories":[1,72,46],"tags":[],"class_list":["post-135076","post","type-post","status-publish","format-standard","has-post-thumbnail","hentry","category-startseite","category-jugend","category-sport"],"_links":{"self":[{"href":"https:\/\/www.fuldaernachrichten.de\/index.php?rest_route=\/wp\/v2\/posts\/135076","targetHints":{"allow":["GET"]}}],"collection":[{"href":"https:\/\/www.fuldaernachrichten.de\/index.php?rest_route=\/wp\/v2\/posts"}],"about":[{"href":"https:\/\/www.fuldaernachrichten.de\/index.php?rest_route=\/wp\/v2\/types\/post"}],"author":[{"embeddable":true,"href":"https:\/\/www.fuldaernachrichten.de\/index.php?rest_route=\/wp\/v2\/users\/1"}],"replies":[{"embeddable":true,"href":"https:\/\/www.fuldaernachrichten.de\/index.php?rest_route=%2Fwp%2Fv2%2Fcomments&post=135076"}],"version-history":[{"count":1,"href":"https:\/\/www.fuldaernachrichten.de\/index.php?rest_route=\/wp\/v2\/posts\/135076\/revisions"}],"predecessor-version":[{"id":135078,"href":"https:\/\/www.fuldaernachrichten.de\/index.php?rest_route=\/wp\/v2\/posts\/135076\/revisions\/135078"}],"wp:featuredmedia":[{"embeddable":true,"href":"https:\/\/www.fuldaernachrichten.de\/index.php?rest_route=\/wp\/v2\/media\/135077"}],"wp:attachment":[{"href":"https:\/\/www.fuldaernachrichten.de\/index.php?rest_route=%2Fwp%2Fv2%2Fmedia&parent=135076"}],"wp:term":[{"taxonomy":"category","embeddable":true,"href":"https:\/\/www.fuldaernachrichten.de\/index.php?rest_route=%2Fwp%2Fv2%2Fcategories&post=135076"},{"taxonomy":"post_tag","embeddable":true,"href":"https:\/\/www.fuldaernachrichten.de\/index.php?rest_route=%2Fwp%2Fv2%2Ftags&post=135076"}],"curies":[{"name":"wp","href":"https:\/\/api.w.org\/{rel}","templated":true}]}}