{"id":135057,"date":"2015-02-17T19:16:44","date_gmt":"2015-02-17T18:16:44","guid":{"rendered":"http:\/\/www.fuldaer-nachrichten.de\/?p=135057"},"modified":"2015-02-17T19:16:44","modified_gmt":"2015-02-17T18:16:44","slug":"klavierabend-mit-yu-nitahara","status":"publish","type":"post","link":"https:\/\/www.fuldaernachrichten.de\/?p=135057","title":{"rendered":"Klavierabend mit Yu Nitahara"},"content":{"rendered":"<p>Yu Nitahara, geboren 1990 in Fukuoka, Japan, begann im Alter von sechs Jahren mit dem Klavierspiel. Er absolvierte sein Studium an der Tokyo University of the Arts mit Auszeichnung. Derzeit setzt er dort sein Master-Studium bei Frau Prof. Akira Eguchi fort.<\/p>\n<p>Yu gewann mehrere herausragende Auszeichnungen bei Klavier-Wettbewerben, darunter den Gold Prize beim PTNA Klavierwettbewerb 2008 (Japan) und den 1. Preis beim 5. Kazuko Yaskawa Memorial-Wettbewerb 2009 (Japan). 2014 war er Halbfinalist beim 10. Seoul International Music Competition 2014 (S\u00fcdkorea) und Finalist bei der PIANALE International Academy &amp; Competition (Deutschland). Er gewann den Sonderpreis der Gemeinde Eichenzell und der Landesmusikakademie Hessen.<\/p>\n<p>Yu trat bis jetzt als Solist mit dem Kyusyu Symphonieorchester und der Geidai Philharmonia auf. In W\u00fcrdigung seiner Leistungen wurde er 2009 mit dem Yamaha-Stipendium und 2013 mit dem Ohga Norio (SONY) Preis ausgezeichnet.<\/p>\n<p>Auf dem Programm seines Preistr\u00e4gerkonzertes am 06. M\u00e4rz 2015 um 20.00 Uhr im Kultursaal des Eichenzeller Schl\u00f6sschens stehen Werke von Beethoven, Ravel, Rubinstein und Mussorgsky.<\/p>\n<p>Karten f\u00fcr das Konzert inklusive Begr\u00fc\u00dfungssekt, landestypischem Snack und Getr\u00e4nk in der Pause sind f\u00fcr 24,00 \u00e2\u201a\u00ac (erm\u00e4\u00dfigt 20,00 \u00e2\u201a\u00ac) bei der Gemeinde Eichenzell, Tel. 06659\/ 9 79 43 erh\u00e4ltlich. Karten nur im Vorverkauf, keine Abendkasse!<\/p>\n","protected":false},"excerpt":{"rendered":"<div class=\"tmnf_excerpt\"><p>Yu Nitahara, geboren 1990 in Fukuoka, Japan, begann im Alter von sechs Jahren mit dem Klavierspiel. Er absolvierte sein Studium an der Tokyo University of the Arts mit Auszeichnung. Derzeit setzt er dort sein Master-Studium bei Frau Prof. Akira Eguchi fort. Yu gewann mehrere herausragende Auszeichnungen bei Klavier-Wettbewerben, darunter den Gold Prize beim PTNA Klavierwettbewerb &hellip;<\/p>\n<\/div>","protected":false},"author":1,"featured_media":135058,"comment_status":"closed","ping_status":"closed","sticky":false,"template":"","format":"standard","meta":{"footnotes":""},"categories":[1,44],"tags":[],"class_list":["post-135057","post","type-post","status-publish","format-standard","has-post-thumbnail","hentry","category-startseite","category-kultur"],"_links":{"self":[{"href":"https:\/\/www.fuldaernachrichten.de\/index.php?rest_route=\/wp\/v2\/posts\/135057","targetHints":{"allow":["GET"]}}],"collection":[{"href":"https:\/\/www.fuldaernachrichten.de\/index.php?rest_route=\/wp\/v2\/posts"}],"about":[{"href":"https:\/\/www.fuldaernachrichten.de\/index.php?rest_route=\/wp\/v2\/types\/post"}],"author":[{"embeddable":true,"href":"https:\/\/www.fuldaernachrichten.de\/index.php?rest_route=\/wp\/v2\/users\/1"}],"replies":[{"embeddable":true,"href":"https:\/\/www.fuldaernachrichten.de\/index.php?rest_route=%2Fwp%2Fv2%2Fcomments&post=135057"}],"version-history":[{"count":1,"href":"https:\/\/www.fuldaernachrichten.de\/index.php?rest_route=\/wp\/v2\/posts\/135057\/revisions"}],"predecessor-version":[{"id":135059,"href":"https:\/\/www.fuldaernachrichten.de\/index.php?rest_route=\/wp\/v2\/posts\/135057\/revisions\/135059"}],"wp:featuredmedia":[{"embeddable":true,"href":"https:\/\/www.fuldaernachrichten.de\/index.php?rest_route=\/wp\/v2\/media\/135058"}],"wp:attachment":[{"href":"https:\/\/www.fuldaernachrichten.de\/index.php?rest_route=%2Fwp%2Fv2%2Fmedia&parent=135057"}],"wp:term":[{"taxonomy":"category","embeddable":true,"href":"https:\/\/www.fuldaernachrichten.de\/index.php?rest_route=%2Fwp%2Fv2%2Fcategories&post=135057"},{"taxonomy":"post_tag","embeddable":true,"href":"https:\/\/www.fuldaernachrichten.de\/index.php?rest_route=%2Fwp%2Fv2%2Ftags&post=135057"}],"curies":[{"name":"wp","href":"https:\/\/api.w.org\/{rel}","templated":true}]}}