{"id":135051,"date":"2015-02-17T19:15:24","date_gmt":"2015-02-17T18:15:24","guid":{"rendered":"http:\/\/www.fuldaer-nachrichten.de\/?p=135051"},"modified":"2015-02-17T19:15:24","modified_gmt":"2015-02-17T18:15:24","slug":"seniorenveranstaltung-der-stadt-fulda-klassik-am-nachmittag-4","status":"publish","type":"post","link":"https:\/\/www.fuldaernachrichten.de\/?p=135051","title":{"rendered":"Seniorenveranstaltung der Stadt Fulda &#8211; Klassik am Nachmittag"},"content":{"rendered":"<p>Am Mittwoch, den 4. M\u00e4rz, um 14:30 Uhr findet im F\u00fcrstensaal im Stadtschloss die Veranstaltung \u201eKlassik am Nachmittag\u201c f\u00fcr \u00e4ltere Mitb\u00fcrgerinnen und Mitb\u00fcrger der Stadt Fulda statt. Gestaltet wird das Nachmittagskonzert vom Petersburger Salon. Das sind die beiden Sankt Petersburger K\u00fcnstlerinnen Tatjana Tscharskaja (Sopran) und Ludmila Hallaewa (Piano) und die erz\u00e4hlende Begleiterin Martina Ritter.<\/p>\n<p>Das Petersburg des 19. Jahrhundert war ber\u00fchmt f\u00fcr seine literarischen und musikalischen Salons. In den Petersburger Salons trafen sich gro\u00dfe K\u00fcnstlerinnen und K\u00fcnstlerinnen. Aber die Gastgeberinnen er\u00f6ffneten nicht nur einen Raum f\u00fcr andere, sie selber waren auch K\u00fcnstlerinnen, die mit ihren G\u00e4sten musizierten und sangen. Die gro\u00dfe Petersburger Sopranistin Tatjana Tscharskaja bringt zusammen mit ihrer Pianistin Ludmila Hallaewa eine Erinnerung an diese Zeit zur\u00fcck. Martina Ritter f\u00fchrt mit Geschichten und Gedichten durch das Programm. Dadurch entsteht eine besondere pers\u00f6nliche Atmosph\u00e4re im Stile des Salons. Das Konzertmotto ist in diesem Jahr \u201eDanke Musik\u201c. Wir h\u00f6ren Werke von Mozart, Bach, Schubert, Chopin, Rachmaninow, Tschaikowsky und anderen gro\u00dfen Komponisten.<\/p>\n<p>Die Ausgabe der Eintrittskarten zum Preis von 3 Euro ist ab Donnerstag, 26. Februar, im B\u00fcrgerb\u00fcro im Stadtschloss.<\/p>\n","protected":false},"excerpt":{"rendered":"<div class=\"tmnf_excerpt\"><p>Am Mittwoch, den 4. M\u00e4rz, um 14:30 Uhr findet im F\u00fcrstensaal im Stadtschloss die Veranstaltung \u201eKlassik am Nachmittag\u201c f\u00fcr \u00e4ltere Mitb\u00fcrgerinnen und Mitb\u00fcrger der Stadt Fulda statt. Gestaltet wird das Nachmittagskonzert vom Petersburger Salon. Das sind die beiden Sankt Petersburger K\u00fcnstlerinnen Tatjana Tscharskaja (Sopran) und Ludmila Hallaewa (Piano) und die erz\u00e4hlende Begleiterin Martina Ritter. Das &hellip;<\/p>\n<\/div>","protected":false},"author":1,"featured_media":135052,"comment_status":"closed","ping_status":"closed","sticky":false,"template":"","format":"standard","meta":{"footnotes":""},"categories":[1,44],"tags":[],"class_list":["post-135051","post","type-post","status-publish","format-standard","has-post-thumbnail","hentry","category-startseite","category-kultur"],"_links":{"self":[{"href":"https:\/\/www.fuldaernachrichten.de\/index.php?rest_route=\/wp\/v2\/posts\/135051","targetHints":{"allow":["GET"]}}],"collection":[{"href":"https:\/\/www.fuldaernachrichten.de\/index.php?rest_route=\/wp\/v2\/posts"}],"about":[{"href":"https:\/\/www.fuldaernachrichten.de\/index.php?rest_route=\/wp\/v2\/types\/post"}],"author":[{"embeddable":true,"href":"https:\/\/www.fuldaernachrichten.de\/index.php?rest_route=\/wp\/v2\/users\/1"}],"replies":[{"embeddable":true,"href":"https:\/\/www.fuldaernachrichten.de\/index.php?rest_route=%2Fwp%2Fv2%2Fcomments&post=135051"}],"version-history":[{"count":1,"href":"https:\/\/www.fuldaernachrichten.de\/index.php?rest_route=\/wp\/v2\/posts\/135051\/revisions"}],"predecessor-version":[{"id":135053,"href":"https:\/\/www.fuldaernachrichten.de\/index.php?rest_route=\/wp\/v2\/posts\/135051\/revisions\/135053"}],"wp:featuredmedia":[{"embeddable":true,"href":"https:\/\/www.fuldaernachrichten.de\/index.php?rest_route=\/wp\/v2\/media\/135052"}],"wp:attachment":[{"href":"https:\/\/www.fuldaernachrichten.de\/index.php?rest_route=%2Fwp%2Fv2%2Fmedia&parent=135051"}],"wp:term":[{"taxonomy":"category","embeddable":true,"href":"https:\/\/www.fuldaernachrichten.de\/index.php?rest_route=%2Fwp%2Fv2%2Fcategories&post=135051"},{"taxonomy":"post_tag","embeddable":true,"href":"https:\/\/www.fuldaernachrichten.de\/index.php?rest_route=%2Fwp%2Fv2%2Ftags&post=135051"}],"curies":[{"name":"wp","href":"https:\/\/api.w.org\/{rel}","templated":true}]}}