{"id":135008,"date":"2015-02-13T09:04:33","date_gmt":"2015-02-13T08:04:33","guid":{"rendered":"http:\/\/www.fuldaer-nachrichten.de\/?p=135008"},"modified":"2015-02-13T09:04:33","modified_gmt":"2015-02-13T08:04:33","slug":"besuch-des-prinzenpaars-des-antoniusheims-an-der-marienschule","status":"publish","type":"post","link":"https:\/\/www.fuldaernachrichten.de\/?p=135008","title":{"rendered":"Besuch des Prinzenpaars des Antoniusheims an der Marienschule"},"content":{"rendered":"<p>Am gestrigen Donnerstag \u2013 zur Weiberfastnacht 2015 um 11:11 Uhr \u2013 war es so weit. \u201eDe Jong Andreas on sein M\u00e4je Erika uisem Antoniusheim\u201c, das diesj\u00e4hrige Prinzenpaar des Antoniusheims, gaben sich die Ehre und besuchten die Sch\u00fclerinnen der Marienschule.<\/p>\n<p>Bei ihrem kleinen Stelldichein in der gro\u00dfen Pause vers\u00fc\u00dfte das Prinzenpaar der Schulgemeinde mit leckeren Kr\u00e4ppeln den Unterrichtstag und sorgte in der Cafeteria f\u00fcr viel Heiterkeit \u2013 nicht zuletzt, da auch der eine oder andere Schlips das Zeitliche segnete. \u00e2\u20ac\u00a8Die Marienschule bedankt sich herzlichst f\u00fcr den sch\u00f6nen Besuch und w\u00fcnscht weiterhin eine erfolgreiche Session.<\/p>\n<p>Zum Bild: Schulleiter Dr. Oswald Post (3. von links) und der stellvertretende Schulleiter Karsten Keller (rechts au\u00dfen) mit dem Prinzenpaar Erika und Andreas (vorne Mitte) sowie dem Cafeteria-Team der Marienschule und zwei Sch\u00fclerinnen<\/p>\n","protected":false},"excerpt":{"rendered":"<div class=\"tmnf_excerpt\"><p>Am gestrigen Donnerstag \u2013 zur Weiberfastnacht 2015 um 11:11 Uhr \u2013 war es so weit. \u201eDe Jong Andreas on sein M\u00e4je Erika uisem Antoniusheim\u201c, das diesj\u00e4hrige Prinzenpaar des Antoniusheims, gaben sich die Ehre und besuchten die Sch\u00fclerinnen der Marienschule. Bei ihrem kleinen Stelldichein in der gro\u00dfen Pause vers\u00fc\u00dfte das Prinzenpaar der Schulgemeinde mit leckeren Kr\u00e4ppeln &hellip;<\/p>\n<\/div>","protected":false},"author":1,"featured_media":135009,"comment_status":"closed","ping_status":"closed","sticky":false,"template":"","format":"standard","meta":{"footnotes":""},"categories":[1,44],"tags":[],"class_list":["post-135008","post","type-post","status-publish","format-standard","has-post-thumbnail","hentry","category-startseite","category-kultur"],"_links":{"self":[{"href":"https:\/\/www.fuldaernachrichten.de\/index.php?rest_route=\/wp\/v2\/posts\/135008","targetHints":{"allow":["GET"]}}],"collection":[{"href":"https:\/\/www.fuldaernachrichten.de\/index.php?rest_route=\/wp\/v2\/posts"}],"about":[{"href":"https:\/\/www.fuldaernachrichten.de\/index.php?rest_route=\/wp\/v2\/types\/post"}],"author":[{"embeddable":true,"href":"https:\/\/www.fuldaernachrichten.de\/index.php?rest_route=\/wp\/v2\/users\/1"}],"replies":[{"embeddable":true,"href":"https:\/\/www.fuldaernachrichten.de\/index.php?rest_route=%2Fwp%2Fv2%2Fcomments&post=135008"}],"version-history":[{"count":1,"href":"https:\/\/www.fuldaernachrichten.de\/index.php?rest_route=\/wp\/v2\/posts\/135008\/revisions"}],"predecessor-version":[{"id":135010,"href":"https:\/\/www.fuldaernachrichten.de\/index.php?rest_route=\/wp\/v2\/posts\/135008\/revisions\/135010"}],"wp:featuredmedia":[{"embeddable":true,"href":"https:\/\/www.fuldaernachrichten.de\/index.php?rest_route=\/wp\/v2\/media\/135009"}],"wp:attachment":[{"href":"https:\/\/www.fuldaernachrichten.de\/index.php?rest_route=%2Fwp%2Fv2%2Fmedia&parent=135008"}],"wp:term":[{"taxonomy":"category","embeddable":true,"href":"https:\/\/www.fuldaernachrichten.de\/index.php?rest_route=%2Fwp%2Fv2%2Fcategories&post=135008"},{"taxonomy":"post_tag","embeddable":true,"href":"https:\/\/www.fuldaernachrichten.de\/index.php?rest_route=%2Fwp%2Fv2%2Ftags&post=135008"}],"curies":[{"name":"wp","href":"https:\/\/api.w.org\/{rel}","templated":true}]}}