{"id":134999,"date":"2015-02-13T09:01:37","date_gmt":"2015-02-13T08:01:37","guid":{"rendered":"http:\/\/www.fuldaer-nachrichten.de\/?p=134999"},"modified":"2015-02-13T09:01:37","modified_gmt":"2015-02-13T08:01:37","slug":"13-prinzenpaar-in-st-katharina-inthronisiert","status":"publish","type":"post","link":"https:\/\/www.fuldaernachrichten.de\/?p=134999","title":{"rendered":"13. Prinzenpaar in St. Katharina inthronisiert"},"content":{"rendered":"<p>Mit Prinz Werner \u201evon Bahn und Buchonia\u201c und seiner Prinzessin Edith \u201emit dem flotten Rolli\u201c hat das Fliedener Alten- und Pflegeheim seit heute zum 13. Mal in Folge ein eigenes Prinzenpaar inthronisiert.<\/p>\n<p>Der Antrittsrede des Prinzen folgte ein buntes Fastnachtsprogramm mit Vortr\u00e4gen und Musik, das von Mitarbeitern und Freunden des Hauses gestaltet wurde. Dabei zeigten in der B\u00fctt Rosemarie G\u00e4rtner, Brigitte Thonius, Veronika Thomas, Eleonore Vonderlehr und Klaus Verhaag ihr K\u00f6nnen, f\u00fcr die musikalische Unterhaltung sorgte Harald Popp.<\/p>\n<p>Als Sitzungspr\u00e4sident konnte Heimleiter Oliver Krah zudem die Kindergarde aus Magdlos begr\u00fc\u00dfen. Das amtierende Prinzenpaar verlieh die karnevalistischen Orden an alle Akteure.\u00c2\u00a0 Zum gro\u00dfen Finale der Faschingsfeier hielt das amtierende Prinzenpaar des Fliedener Carnevalsvereins mit seinem Hofstaat Einzug.<\/p>\n","protected":false},"excerpt":{"rendered":"<div class=\"tmnf_excerpt\"><p>Mit Prinz Werner \u201evon Bahn und Buchonia\u201c und seiner Prinzessin Edith \u201emit dem flotten Rolli\u201c hat das Fliedener Alten- und Pflegeheim seit heute zum 13. Mal in Folge ein eigenes Prinzenpaar inthronisiert. Der Antrittsrede des Prinzen folgte ein buntes Fastnachtsprogramm mit Vortr\u00e4gen und Musik, das von Mitarbeitern und Freunden des Hauses gestaltet wurde. Dabei zeigten &hellip;<\/p>\n<\/div>","protected":false},"author":1,"featured_media":135000,"comment_status":"closed","ping_status":"closed","sticky":false,"template":"","format":"standard","meta":{"footnotes":""},"categories":[1,44],"tags":[],"class_list":["post-134999","post","type-post","status-publish","format-standard","has-post-thumbnail","hentry","category-startseite","category-kultur"],"_links":{"self":[{"href":"https:\/\/www.fuldaernachrichten.de\/index.php?rest_route=\/wp\/v2\/posts\/134999","targetHints":{"allow":["GET"]}}],"collection":[{"href":"https:\/\/www.fuldaernachrichten.de\/index.php?rest_route=\/wp\/v2\/posts"}],"about":[{"href":"https:\/\/www.fuldaernachrichten.de\/index.php?rest_route=\/wp\/v2\/types\/post"}],"author":[{"embeddable":true,"href":"https:\/\/www.fuldaernachrichten.de\/index.php?rest_route=\/wp\/v2\/users\/1"}],"replies":[{"embeddable":true,"href":"https:\/\/www.fuldaernachrichten.de\/index.php?rest_route=%2Fwp%2Fv2%2Fcomments&post=134999"}],"version-history":[{"count":1,"href":"https:\/\/www.fuldaernachrichten.de\/index.php?rest_route=\/wp\/v2\/posts\/134999\/revisions"}],"predecessor-version":[{"id":135001,"href":"https:\/\/www.fuldaernachrichten.de\/index.php?rest_route=\/wp\/v2\/posts\/134999\/revisions\/135001"}],"wp:featuredmedia":[{"embeddable":true,"href":"https:\/\/www.fuldaernachrichten.de\/index.php?rest_route=\/wp\/v2\/media\/135000"}],"wp:attachment":[{"href":"https:\/\/www.fuldaernachrichten.de\/index.php?rest_route=%2Fwp%2Fv2%2Fmedia&parent=134999"}],"wp:term":[{"taxonomy":"category","embeddable":true,"href":"https:\/\/www.fuldaernachrichten.de\/index.php?rest_route=%2Fwp%2Fv2%2Fcategories&post=134999"},{"taxonomy":"post_tag","embeddable":true,"href":"https:\/\/www.fuldaernachrichten.de\/index.php?rest_route=%2Fwp%2Fv2%2Ftags&post=134999"}],"curies":[{"name":"wp","href":"https:\/\/api.w.org\/{rel}","templated":true}]}}