{"id":134965,"date":"2015-02-13T08:51:37","date_gmt":"2015-02-13T07:51:37","guid":{"rendered":"http:\/\/www.fuldaer-nachrichten.de\/?p=134965"},"modified":"2015-02-13T08:51:37","modified_gmt":"2015-02-13T07:51:37","slug":"festliche-konzert-gala-2015-don-kosaken-chor-serge-jaroff","status":"publish","type":"post","link":"https:\/\/www.fuldaernachrichten.de\/?p=134965","title":{"rendered":"FESTLICHE KONZERT GALA 2015 DON KOSAKEN CHOR SERGE JAROFF"},"content":{"rendered":"<p>Dieser grandiose Weltklasse-Chor, bekannt aus unz\u00e4hligen Fernsehsendungen und CD Einspielungen,\u00c2\u00a0 wird\u00c2\u00a0 in wenigen Wochen, getragen von der Begeisterung seines Publikums, stimmgewaltig mit einem bravour\u00f6sen und sehr stimmungsvollen Konzertprogramm nach 9 Jahren wieder in POPPENHAUSEN gastieren. Erm\u00f6glicht wurde dieses Konzert durch eine enge k\u00fcnstlerische und organisatorische Zusammenarbeit mit der GEMEINDE POPPENHAUSEN. Bitte k\u00fcndigen Sie dieses brillante Konzert ausf\u00fchrlich an.<\/p>\n<p>Durch eine langj\u00e4hrige Gastspielt\u00e4tigkeit hat gerade dieser Chor unter seinem k\u00fcnstlerischen Leiter WANJA HLIBKA \u00fcberall unz\u00e4hlige begeisterte und treue Zuh\u00f6rer. Die Konzerte (u.a. G\u00fcrzenich u. Philharmonie K\u00f6ln\/Philharmonie Berlin\/Gewandhaus Leipzig\/Musikhalle Hamburg\/Herkulessaal M\u00fcnchen\/Oetker-Halle Bielefeld\/Theater Iserlohn\/Hilpert-Theater L\u00fcnen\/Konzerthaus Dortmund\/Stadthalle J\u00fclich\/Volkshaus Jena\/Theater Glauchau\/Theater Arnstadt\/Theater Herford\/Kaisersaal Erfurt\/ Konzerthaus Ulrichskirche Halle) sind inzwischen wohl mit dem Begriff \u201eKult\u201c zu umschreiben und werden \u00fcberall mit stehenden Ovationen gefeiert. Viele Fernsehanstalten haben ausf\u00fchrlich \u00fcber den Chor und seine k\u00fcnstlerische Arbeit berichtet.<\/p>\n<p>Es handelt sich, wie Sie ja wissen, um ein hochkar\u00e4tiges Spitzenensemble. WANJA HLIBKA, der Leiter und Dirigent des Chores hat viele Jahre als j\u00fcngster Solist im weltber\u00fchmten Chor von SERGE JAROFF gesungen und hat die Original-Arrangements als Ausgangsbasis seiner k\u00fcnstlerischen Arbeit nutzen d\u00fcrfen. Die \u00fcbrigen S\u00e4nger kommen von gro\u00dfen osteurop\u00e4ischen Opernh\u00e4usern und begeistern mit zum Teil sensationellen Stimmen in einem oft \u00fcberirdischen Klang ihr Publikum auf allen Stationen der Tourn\u00e9e.<\/p>\n<p>Die stimmgewaltigen, akademisch studierten Solisten werden von der Fachpresse immer wieder als \u201erussisches Stimmwunder\u201c bezeichnet. Sie vermitteln den ganzen Zauber und auch die eigene Melancholie der russischen Musik in h\u00f6chster Vollendung. Ihr au\u00dfergew\u00f6hnliches Repertoire reicht von den festlichen Ges\u00e4ngen der russ.-orth. Kirche \u00fcber die immer wieder begehrten Volksweisen bis hin zu gro\u00dfen, klassischen Komponisten.\u00c2\u00a0 In memoriam SERGE JAROFF, der seine Don Kosaken einst zu Weltruhm f\u00fchrte.<\/p>\n<p>FREITAG, 6. M\u00c4RZ 2015<br \/>\n20:00 Uhr<br \/>\nVON \u2013 STEINR\u00dcCK &#8211; HAUS<br \/>\nPOPPENHAUSEN<\/p>\n","protected":false},"excerpt":{"rendered":"<div class=\"tmnf_excerpt\"><p>Dieser grandiose Weltklasse-Chor, bekannt aus unz\u00e4hligen Fernsehsendungen und CD Einspielungen,\u00c2\u00a0 wird\u00c2\u00a0 in wenigen Wochen, getragen von der Begeisterung seines Publikums, stimmgewaltig mit einem bravour\u00f6sen und sehr stimmungsvollen Konzertprogramm nach 9 Jahren wieder in POPPENHAUSEN gastieren. Erm\u00f6glicht wurde dieses Konzert durch eine enge k\u00fcnstlerische und organisatorische Zusammenarbeit mit der GEMEINDE POPPENHAUSEN. Bitte k\u00fcndigen Sie dieses brillante &hellip;<\/p>\n<\/div>","protected":false},"author":1,"featured_media":134966,"comment_status":"closed","ping_status":"closed","sticky":false,"template":"","format":"standard","meta":{"footnotes":""},"categories":[44],"tags":[],"class_list":["post-134965","post","type-post","status-publish","format-standard","has-post-thumbnail","hentry","category-kultur"],"_links":{"self":[{"href":"https:\/\/www.fuldaernachrichten.de\/index.php?rest_route=\/wp\/v2\/posts\/134965","targetHints":{"allow":["GET"]}}],"collection":[{"href":"https:\/\/www.fuldaernachrichten.de\/index.php?rest_route=\/wp\/v2\/posts"}],"about":[{"href":"https:\/\/www.fuldaernachrichten.de\/index.php?rest_route=\/wp\/v2\/types\/post"}],"author":[{"embeddable":true,"href":"https:\/\/www.fuldaernachrichten.de\/index.php?rest_route=\/wp\/v2\/users\/1"}],"replies":[{"embeddable":true,"href":"https:\/\/www.fuldaernachrichten.de\/index.php?rest_route=%2Fwp%2Fv2%2Fcomments&post=134965"}],"version-history":[{"count":1,"href":"https:\/\/www.fuldaernachrichten.de\/index.php?rest_route=\/wp\/v2\/posts\/134965\/revisions"}],"predecessor-version":[{"id":134967,"href":"https:\/\/www.fuldaernachrichten.de\/index.php?rest_route=\/wp\/v2\/posts\/134965\/revisions\/134967"}],"wp:featuredmedia":[{"embeddable":true,"href":"https:\/\/www.fuldaernachrichten.de\/index.php?rest_route=\/wp\/v2\/media\/134966"}],"wp:attachment":[{"href":"https:\/\/www.fuldaernachrichten.de\/index.php?rest_route=%2Fwp%2Fv2%2Fmedia&parent=134965"}],"wp:term":[{"taxonomy":"category","embeddable":true,"href":"https:\/\/www.fuldaernachrichten.de\/index.php?rest_route=%2Fwp%2Fv2%2Fcategories&post=134965"},{"taxonomy":"post_tag","embeddable":true,"href":"https:\/\/www.fuldaernachrichten.de\/index.php?rest_route=%2Fwp%2Fv2%2Ftags&post=134965"}],"curies":[{"name":"wp","href":"https:\/\/api.w.org\/{rel}","templated":true}]}}