{"id":134957,"date":"2015-02-12T14:03:34","date_gmt":"2015-02-12T13:03:34","guid":{"rendered":"http:\/\/www.fuldaer-nachrichten.de\/?p=134957"},"modified":"2015-02-12T14:03:34","modified_gmt":"2015-02-12T13:03:34","slug":"familienwanderung-spuren-im-schnee","status":"publish","type":"post","link":"https:\/\/www.fuldaernachrichten.de\/?p=134957","title":{"rendered":"Familienwanderung \u201eSpuren im Schnee\u201c"},"content":{"rendered":"<p>Das Biosph\u00e4renreservat Rh\u00f6n l\u00e4dt am Sonntag, 22.02.2015 zu einer Familienwanderung mit Ranger Hubert Stumpf. Treffpunkt ist um 13.30 Uhr am Parkplatz Roter Rain, 36115 Ehrenberg-W\u00fcstensachsen. Die Wanderung ist kostenfrei.<\/p>\n","protected":false},"excerpt":{"rendered":"<div class=\"tmnf_excerpt\"><p>Das Biosph\u00e4renreservat Rh\u00f6n l\u00e4dt am Sonntag, 22.02.2015 zu einer Familienwanderung mit Ranger Hubert Stumpf. Treffpunkt ist um 13.30 Uhr am Parkplatz Roter Rain, 36115 Ehrenberg-W\u00fcstensachsen. Die Wanderung ist kostenfrei.<\/p>\n<\/div>","protected":false},"author":1,"featured_media":0,"comment_status":"closed","ping_status":"closed","sticky":false,"template":"","format":"standard","meta":{"footnotes":""},"categories":[1,72,52],"tags":[],"class_list":["post-134957","post","type-post","status-publish","format-standard","hentry","category-startseite","category-jugend","category-umwelt"],"_links":{"self":[{"href":"https:\/\/www.fuldaernachrichten.de\/index.php?rest_route=\/wp\/v2\/posts\/134957","targetHints":{"allow":["GET"]}}],"collection":[{"href":"https:\/\/www.fuldaernachrichten.de\/index.php?rest_route=\/wp\/v2\/posts"}],"about":[{"href":"https:\/\/www.fuldaernachrichten.de\/index.php?rest_route=\/wp\/v2\/types\/post"}],"author":[{"embeddable":true,"href":"https:\/\/www.fuldaernachrichten.de\/index.php?rest_route=\/wp\/v2\/users\/1"}],"replies":[{"embeddable":true,"href":"https:\/\/www.fuldaernachrichten.de\/index.php?rest_route=%2Fwp%2Fv2%2Fcomments&post=134957"}],"version-history":[{"count":1,"href":"https:\/\/www.fuldaernachrichten.de\/index.php?rest_route=\/wp\/v2\/posts\/134957\/revisions"}],"predecessor-version":[{"id":134958,"href":"https:\/\/www.fuldaernachrichten.de\/index.php?rest_route=\/wp\/v2\/posts\/134957\/revisions\/134958"}],"wp:attachment":[{"href":"https:\/\/www.fuldaernachrichten.de\/index.php?rest_route=%2Fwp%2Fv2%2Fmedia&parent=134957"}],"wp:term":[{"taxonomy":"category","embeddable":true,"href":"https:\/\/www.fuldaernachrichten.de\/index.php?rest_route=%2Fwp%2Fv2%2Fcategories&post=134957"},{"taxonomy":"post_tag","embeddable":true,"href":"https:\/\/www.fuldaernachrichten.de\/index.php?rest_route=%2Fwp%2Fv2%2Ftags&post=134957"}],"curies":[{"name":"wp","href":"https:\/\/api.w.org\/{rel}","templated":true}]}}