{"id":134953,"date":"2015-02-12T14:02:25","date_gmt":"2015-02-12T13:02:25","guid":{"rendered":"http:\/\/www.fuldaer-nachrichten.de\/?p=134953"},"modified":"2015-02-12T14:02:25","modified_gmt":"2015-02-12T13:02:25","slug":"sternenpark-rhoen-schutz-und-nutz-der-nacht","status":"publish","type":"post","link":"https:\/\/www.fuldaernachrichten.de\/?p=134953","title":{"rendered":"Sternenpark Rh\u00f6n \u2013 Schutz und Nutz der Nacht"},"content":{"rendered":"<p>Montag, 19.02.2015 um 19:00 Uhr<br \/>\nVeranstaltungsort: Pfarrzentrum, 36169 Rasdorf<br \/>\nEine Infoveranstaltung mit Sabine Frank &#8211; kostenfrei<\/p>\n<p>Dieser Vortag soll Interessierten das vielschichtige Thema Lichtverschmutzung und nachhaltige Lichtnutzung n\u00e4her bringen. Die Rh\u00f6n bietet noch nat\u00fcrliche Naturlandschaften und somit einen sternenreichen Nachthimmel. Dies erm\u00f6glicht au\u00dfergew\u00f6hnliche Sternenbeobachtung und bietet zahlreichen seltenen Tieren einen ungest\u00f6rten Lebensraum. Auch die menschliche Gesundheit profitiert von einem intakten Tag-Nacht-Rhythmus, der heutzutage h\u00e4ufig durch ein \u00dcberma\u00df k\u00fcnstlicher Beleuchtung gest\u00f6rt wird.<\/p>\n<p>Durch die im August erfolgte Auszeichnung als Sternenpark sollen die nat\u00fcrlichen Landschaften besser bewahrt und gesch\u00fctzt werden. Neben den Informationen zu den Hintergr\u00fcnden des Projektes und den Beleuchtungsempfehlungen erhalten Sie auch Hinweise f\u00fcr Sie zu Hause.<\/p>\n<p>Im Anschluss an den Vortrag ist eine kleine Sternenf\u00fchrung unter dem Motto \u201eReise von den Sternen zu der Erde\u201c geplant.<\/p>\n","protected":false},"excerpt":{"rendered":"<div class=\"tmnf_excerpt\"><p>Montag, 19.02.2015 um 19:00 Uhr Veranstaltungsort: Pfarrzentrum, 36169 Rasdorf Eine Infoveranstaltung mit Sabine Frank &#8211; kostenfrei Dieser Vortag soll Interessierten das vielschichtige Thema Lichtverschmutzung und nachhaltige Lichtnutzung n\u00e4her bringen. Die Rh\u00f6n bietet noch nat\u00fcrliche Naturlandschaften und somit einen sternenreichen Nachthimmel. Dies erm\u00f6glicht au\u00dfergew\u00f6hnliche Sternenbeobachtung und bietet zahlreichen seltenen Tieren einen ungest\u00f6rten Lebensraum. Auch die menschliche &hellip;<\/p>\n<\/div>","protected":false},"author":1,"featured_media":0,"comment_status":"closed","ping_status":"closed","sticky":false,"template":"","format":"standard","meta":{"footnotes":""},"categories":[1,53,52],"tags":[],"class_list":["post-134953","post","type-post","status-publish","format-standard","hentry","category-startseite","category-bildung","category-umwelt"],"_links":{"self":[{"href":"https:\/\/www.fuldaernachrichten.de\/index.php?rest_route=\/wp\/v2\/posts\/134953","targetHints":{"allow":["GET"]}}],"collection":[{"href":"https:\/\/www.fuldaernachrichten.de\/index.php?rest_route=\/wp\/v2\/posts"}],"about":[{"href":"https:\/\/www.fuldaernachrichten.de\/index.php?rest_route=\/wp\/v2\/types\/post"}],"author":[{"embeddable":true,"href":"https:\/\/www.fuldaernachrichten.de\/index.php?rest_route=\/wp\/v2\/users\/1"}],"replies":[{"embeddable":true,"href":"https:\/\/www.fuldaernachrichten.de\/index.php?rest_route=%2Fwp%2Fv2%2Fcomments&post=134953"}],"version-history":[{"count":1,"href":"https:\/\/www.fuldaernachrichten.de\/index.php?rest_route=\/wp\/v2\/posts\/134953\/revisions"}],"predecessor-version":[{"id":134954,"href":"https:\/\/www.fuldaernachrichten.de\/index.php?rest_route=\/wp\/v2\/posts\/134953\/revisions\/134954"}],"wp:attachment":[{"href":"https:\/\/www.fuldaernachrichten.de\/index.php?rest_route=%2Fwp%2Fv2%2Fmedia&parent=134953"}],"wp:term":[{"taxonomy":"category","embeddable":true,"href":"https:\/\/www.fuldaernachrichten.de\/index.php?rest_route=%2Fwp%2Fv2%2Fcategories&post=134953"},{"taxonomy":"post_tag","embeddable":true,"href":"https:\/\/www.fuldaernachrichten.de\/index.php?rest_route=%2Fwp%2Fv2%2Ftags&post=134953"}],"curies":[{"name":"wp","href":"https:\/\/api.w.org\/{rel}","templated":true}]}}