{"id":134948,"date":"2015-02-12T14:00:55","date_gmt":"2015-02-12T13:00:55","guid":{"rendered":"http:\/\/www.fuldaer-nachrichten.de\/?p=134948"},"modified":"2015-02-12T14:00:55","modified_gmt":"2015-02-12T13:00:55","slug":"der-fuldaer-musiker-produzent-und-tontechniker-maximilian-becker-zeigt-beim-gernsehen-wie-musik-gemacht-wird","status":"publish","type":"post","link":"https:\/\/www.fuldaernachrichten.de\/?p=134948","title":{"rendered":"Der Fuldaer Musiker, Produzent und Tontechniker Maximilian Becker zeigt beim Gernsehen, wie Musik gemacht wird!"},"content":{"rendered":"<p>Seine Biographie ist beeindruckend. 1984 in Fulda geboren und aufgewachsen, begann MAXIMILIAN BECKER 2009 seine Ausbildung zum Dipl. Audio Engineer und bildete sich 2012 zum Bachelor of Arts (Hons.), Audio Production an der Middlesex University London weiter. Kurz: Er ist studierter Tontechniker.<\/p>\n<p>Das ist einer der Gr\u00fcnde, warum die Verantwortlichen der Fuldaer Musical-Produktions-Firma \u201espotlight musicals GmbH\u201c ihn bereits f\u00fcr ihr erstes Erfolgs-St\u00fcck \u201eBonifatius\u201c verpflichteten. Seitdem ist er dabei und hat als Live Mischer und Sound-Designer nicht nur zum Gelingen des Erstlings beigetragen, sondern auch den Nachfolge-Produktionen \u201eElisabeth \u2013 Die Legende einer Heiligen\u201c, \u201eFriedrich \u2013 Mythos und Trag\u00f6die\u201c und \u201eDie P\u00e4pstin\u201c zu exzellentem Sound verholfen. Auch bei der f\u00fcr 2015 geplanten Produktion \u201eDie Schatzinsel\u201c wird er sicher wieder an verantwortlicher Stelle mitmischen.<\/p>\n<p>Neben seiner T\u00e4tigkeit am Theater ist MAXIMILIAN BECKER aber auch Musiker. Er produzierte, arrangierte und spielte f\u00fcr diverse Produktionen im Musical- und Schlagerbereich und ist bundesweit und dar\u00fcber hinaus als Pianist, Keyboarder und Gitarrist im Einsatz. Aktuell ist er unter anderem mit der renommierten und vielen Fuldaern aus den spotlight-Musicals bekannten S\u00e4ngerin Sabrina Weckerlin auf Tour, ebenso mit der DSDS-Band, die die K\u00fcnstler Beatrice Egli, Daniele Negroni und Luca H\u00e4nni begleitet.<\/p>\n<p>MAXIMILIAN BECKER ist also die gro\u00dfen B\u00fchnen und riesige Hallen gew\u00f6hnt, umso spannender wird es jetzt f\u00fcr ihn, aber auch f\u00fcr das Publikum ihn in dem intimen Rahmen der Dinner-Show hautnah zu erleben. Dort wird er nicht nur als Musiker sein K\u00f6nnen beweisen, sondern auch einen exklusiven Einblick in das Handwerk des Sound-Designers und Musik-Produzenten gew\u00e4hren. Erleben Sie live, wie Musik entsteht!<\/p>\n<p>Seit Januar 2010 gibt es die Dinner-Show der Entertainerin Marianne Blum. Damit ist die Reihe die erfolgreichste Veranstaltungsreihe der Region! Kein Wunder &#8211; denn das Gernsehen ist abwechslungsreich und \u00fcberraschend, niveauvoll und unterhaltsam, k\u00f6stlich und au\u00dfergew\u00f6hnlich und jedes Mal anders. Denn die Gastgeberin pr\u00e4sentiert an jedem letzten Mittwoch im Monat, 19-22 Uhr, im Fuldaer Museumskeller immer wieder spannende K\u00fcnstler aus allen Sparten. Ob regionale Talente oder Stars, sie alle kommen gern, denn hier stimmt einfach alles. Das kommt dem Publikum zugute, denn das, was die K\u00fcnstler in ihren live Shows bei der Blum zeigen, kann man sonst nirgends erleben. Das ist besser als Fernsehen &#8211; das ist Gernsehen!<\/p>\n<p>Mittwoch, 25. Februar 2015, 19 \u2013 22 Uhr<\/p>\n<p>Museumskeller Fulda, Jesuitenplatz 2, 36037 Fulda<br \/>\nWeitere Infos unter 0661-240230 oder www.kreuz.com<br \/>\nShow + 3-Gang-Men\u00fc: 29 \u00e2\u201a\u00ac. Bitte unbedingt reservieren!<br \/>\nTickets und Reservierung im Museumscaf\u00e9 Fulda 0661-240029 oder online unter catering@kreuz.com<\/p>\n","protected":false},"excerpt":{"rendered":"<div class=\"tmnf_excerpt\"><p>Seine Biographie ist beeindruckend. 1984 in Fulda geboren und aufgewachsen, begann MAXIMILIAN BECKER 2009 seine Ausbildung zum Dipl. Audio Engineer und bildete sich 2012 zum Bachelor of Arts (Hons.), Audio Production an der Middlesex University London weiter. Kurz: Er ist studierter Tontechniker. Das ist einer der Gr\u00fcnde, warum die Verantwortlichen der Fuldaer Musical-Produktions-Firma \u201espotlight musicals &hellip;<\/p>\n<\/div>","protected":false},"author":1,"featured_media":134949,"comment_status":"closed","ping_status":"closed","sticky":false,"template":"","format":"standard","meta":{"footnotes":""},"categories":[1,44],"tags":[],"class_list":["post-134948","post","type-post","status-publish","format-standard","has-post-thumbnail","hentry","category-startseite","category-kultur"],"_links":{"self":[{"href":"https:\/\/www.fuldaernachrichten.de\/index.php?rest_route=\/wp\/v2\/posts\/134948","targetHints":{"allow":["GET"]}}],"collection":[{"href":"https:\/\/www.fuldaernachrichten.de\/index.php?rest_route=\/wp\/v2\/posts"}],"about":[{"href":"https:\/\/www.fuldaernachrichten.de\/index.php?rest_route=\/wp\/v2\/types\/post"}],"author":[{"embeddable":true,"href":"https:\/\/www.fuldaernachrichten.de\/index.php?rest_route=\/wp\/v2\/users\/1"}],"replies":[{"embeddable":true,"href":"https:\/\/www.fuldaernachrichten.de\/index.php?rest_route=%2Fwp%2Fv2%2Fcomments&post=134948"}],"version-history":[{"count":1,"href":"https:\/\/www.fuldaernachrichten.de\/index.php?rest_route=\/wp\/v2\/posts\/134948\/revisions"}],"predecessor-version":[{"id":134950,"href":"https:\/\/www.fuldaernachrichten.de\/index.php?rest_route=\/wp\/v2\/posts\/134948\/revisions\/134950"}],"wp:featuredmedia":[{"embeddable":true,"href":"https:\/\/www.fuldaernachrichten.de\/index.php?rest_route=\/wp\/v2\/media\/134949"}],"wp:attachment":[{"href":"https:\/\/www.fuldaernachrichten.de\/index.php?rest_route=%2Fwp%2Fv2%2Fmedia&parent=134948"}],"wp:term":[{"taxonomy":"category","embeddable":true,"href":"https:\/\/www.fuldaernachrichten.de\/index.php?rest_route=%2Fwp%2Fv2%2Fcategories&post=134948"},{"taxonomy":"post_tag","embeddable":true,"href":"https:\/\/www.fuldaernachrichten.de\/index.php?rest_route=%2Fwp%2Fv2%2Ftags&post=134948"}],"curies":[{"name":"wp","href":"https:\/\/api.w.org\/{rel}","templated":true}]}}