{"id":134912,"date":"2015-02-11T20:21:03","date_gmt":"2015-02-11T19:21:03","guid":{"rendered":"http:\/\/www.fuldaer-nachrichten.de\/?p=134912"},"modified":"2015-02-11T20:21:03","modified_gmt":"2015-02-11T19:21:03","slug":"gemeinde-eichenzell-praesentiert-neues-kulturprogramm-2015","status":"publish","type":"post","link":"https:\/\/www.fuldaernachrichten.de\/?p=134912","title":{"rendered":"Gemeinde Eichenzell pr\u00e4sentiert neues Kulturprogramm 2015"},"content":{"rendered":"<p>Mit dem neuen Kulturkalender 2015 l\u00e4dt die Gemeinde Eichenzell ihre B\u00fcrger und G\u00e4ste zu einem abwechslungsreichen Veranstaltungsprogramm\u00c2\u00a0 verschiedenster Genres ein.\u00c2\u00a0 Die vielf\u00e4ltige Auswahl der kommenden Saison spannt den Bogen von Klassik, Big-Band-Sound \u00fcber Kabarett bis hin zu Festveranstaltungen und Programmen f\u00fcr Kinder.<\/p>\n<p>Auf ein besonderes Musik-Highlight machen die Veranstalter schon heute aufmerksam. Zur Night of Swing am 18. April hat die Backstage Big Band einen der bedeutendsten europ\u00e4ischen Jazzmusiker zu Gast, den Trompeter und Fl\u00fcgelhornisten Ack van Rooyen! Bis heute geh\u00f6rt der Live-Instrumentalist und Studiomusiker zu den besten und innovativsten Jazztrompetern.<\/p>\n<p>Im Kabarettbereich d\u00fcrfen sich die G\u00e4ste auf den Gastgeber der<br \/>\nBR-Kabarettsendung \u201eSchlachthof\u201c Christian Springer freuen, der am 27. November mit seinem brandneuen B\u00fchnenprogramm \u201eOben ohne\u201c live in Eichenzell zu sehen ist. Die Fans kennen den Gewinner des Bayerischen Kabarettpreises 2013 als grantelnden Kassenwart Fonsi von Schloss Neuschwanstein, den er allerdings in Pension geschickt hat. Christian Springers neues Programm ist ein politisches Pl\u00e4doyer f\u00fcr mehr R\u00fcckgrat und Solidarit\u00e4t.<\/p>\n<p>F\u00fcr Freunde klassischer Musik gibt der Japaner Yu Nitahara am 06. M\u00e4rz ein Klavierkonzert. Der begabte Pianist gewann mehrere herausragende Auszeichnungen in Japan und S\u00fcdkorea und ist u.a. Gewinner des PIANALE-Sonderpreises 2014 der Gemeinde Eichenzell. Auf dem Programm seines Preistr\u00e4gerkonzertes im Eichenzeller Schl\u00f6sschen stehen neben Werken von Beethoven, Ravel, Rubinstein und Mussorgsky auch kulinarische Gen\u00fcsse in Form von landestypischen Snacks und Getr\u00e4nken.<\/p>\n<p>Am 20. Februar finden die Eichenzeller das neue Kulturprogramm als Beilage in den Eichenzeller Nachrichten. Weiterhin ist die Brosch\u00fcre kostenfrei in der Gemeindeverwaltung Eichenzell und bei vielen weiteren \u00f6ffentlichen Stellen erh\u00e4ltlich. Alle Infos zu den Veranstaltungen sind auch auf www.eichenzell.de nachzulesen.<\/p>\n<p>Karten und Infos: Gemeinde Eichenzell, Tel. 06659\/ 9 79 43<\/p>\n","protected":false},"excerpt":{"rendered":"<div class=\"tmnf_excerpt\"><p>Mit dem neuen Kulturkalender 2015 l\u00e4dt die Gemeinde Eichenzell ihre B\u00fcrger und G\u00e4ste zu einem abwechslungsreichen Veranstaltungsprogramm\u00c2\u00a0 verschiedenster Genres ein.\u00c2\u00a0 Die vielf\u00e4ltige Auswahl der kommenden Saison spannt den Bogen von Klassik, Big-Band-Sound \u00fcber Kabarett bis hin zu Festveranstaltungen und Programmen f\u00fcr Kinder. Auf ein besonderes Musik-Highlight machen die Veranstalter schon heute aufmerksam. Zur Night of &hellip;<\/p>\n<\/div>","protected":false},"author":1,"featured_media":134913,"comment_status":"closed","ping_status":"closed","sticky":false,"template":"","format":"standard","meta":{"footnotes":""},"categories":[1,44],"tags":[],"class_list":["post-134912","post","type-post","status-publish","format-standard","has-post-thumbnail","hentry","category-startseite","category-kultur"],"_links":{"self":[{"href":"https:\/\/www.fuldaernachrichten.de\/index.php?rest_route=\/wp\/v2\/posts\/134912","targetHints":{"allow":["GET"]}}],"collection":[{"href":"https:\/\/www.fuldaernachrichten.de\/index.php?rest_route=\/wp\/v2\/posts"}],"about":[{"href":"https:\/\/www.fuldaernachrichten.de\/index.php?rest_route=\/wp\/v2\/types\/post"}],"author":[{"embeddable":true,"href":"https:\/\/www.fuldaernachrichten.de\/index.php?rest_route=\/wp\/v2\/users\/1"}],"replies":[{"embeddable":true,"href":"https:\/\/www.fuldaernachrichten.de\/index.php?rest_route=%2Fwp%2Fv2%2Fcomments&post=134912"}],"version-history":[{"count":1,"href":"https:\/\/www.fuldaernachrichten.de\/index.php?rest_route=\/wp\/v2\/posts\/134912\/revisions"}],"predecessor-version":[{"id":134914,"href":"https:\/\/www.fuldaernachrichten.de\/index.php?rest_route=\/wp\/v2\/posts\/134912\/revisions\/134914"}],"wp:featuredmedia":[{"embeddable":true,"href":"https:\/\/www.fuldaernachrichten.de\/index.php?rest_route=\/wp\/v2\/media\/134913"}],"wp:attachment":[{"href":"https:\/\/www.fuldaernachrichten.de\/index.php?rest_route=%2Fwp%2Fv2%2Fmedia&parent=134912"}],"wp:term":[{"taxonomy":"category","embeddable":true,"href":"https:\/\/www.fuldaernachrichten.de\/index.php?rest_route=%2Fwp%2Fv2%2Fcategories&post=134912"},{"taxonomy":"post_tag","embeddable":true,"href":"https:\/\/www.fuldaernachrichten.de\/index.php?rest_route=%2Fwp%2Fv2%2Ftags&post=134912"}],"curies":[{"name":"wp","href":"https:\/\/api.w.org\/{rel}","templated":true}]}}