{"id":134902,"date":"2015-02-11T20:17:53","date_gmt":"2015-02-11T19:17:53","guid":{"rendered":"http:\/\/www.fuldaer-nachrichten.de\/?p=134902"},"modified":"2015-02-11T20:17:53","modified_gmt":"2015-02-11T19:17:53","slug":"kindertagespflege-bessere-verguetung-geringerer-elternbeitrag","status":"publish","type":"post","link":"https:\/\/www.fuldaernachrichten.de\/?p=134902","title":{"rendered":"Kindertagespflege: Bessere Verg\u00fctung, geringerer Elternbeitrag"},"content":{"rendered":"<p>\u201eWeil wir allen Eltern die Betreuung durch eine Tagesmutter erm\u00f6glichen wollen, haben wir zum Jahresbeginn die Kosten f\u00fcr die Eltern erheblich gesenkt\u201c, teilt Jugenddezernent Peter Zielinski mit. Damit setzt die Politik ein deutliches Signal f\u00fcr die Vereinbarkeit von Familie und Erwerbst\u00e4tigkeit und macht den Vogelsbergkreis ein St\u00fcck familienfreundlicher. Und auch f\u00fcr die Betreuungspersonen haben sich die Bedingungen verbessert: Sie erhalten jetzt f\u00fcnf Euro je Stunde und betreutem Kind.<\/p>\n<p>Seit August 2013 haben Eltern einen Rechtsanspruch auf einen Betreuungsplatz f\u00fcr Kinder zwischen einem Jahr und drei Jahren. Durch die Senkung der Elternbeitr\u00e4ge im Bereich der Kindertagespflege kann der Vogelsbergkreis nun auch ein finanziell gleichrangiges Angebot neben den institutionellen Kinderkrippen anbieten. F\u00fcr die Betreuung eines Kindes in einer Kindertagespflegestelle zahlen die Eltern bei einer w\u00f6chentlichen Betreuungszeit bis 20 Stunden einen Monatsbeitrag von 80 Euro.<\/p>\n<p>Die Betreuung durch Tagesm\u00fctter und Tagesv\u00e4ter ist aus der Vogelsberger Kinderbetreuungslandschaft nicht mehr wegzudenken. Viele Eltern w\u00fcnschen sich eine flexible und familiennahe Betreuung in Kleingruppen. Besonders f\u00fcr die Betreuung von sehr kleinen Kindern bietet die Kindertagespflege viele Vorteile: Durch die Kleingruppen\u00c2\u00a0 mit maximal f\u00fcnf Kindern und das famili\u00e4re Umfeld k\u00f6nnen die Tagesm\u00fctter\/-v\u00e4ter ganz gezielt auf die individuellen Bed\u00fcrfnisse jedes einzelnen Kindes eingehen. Auch die Betreuungszeiten sind in der Regel sehr flexibel.<\/p>\n<p>Die neue Satzung zur H\u00f6he des Tagespflegegeldes und die Kostenbeitr\u00e4ge in der Kindertagespflege ist auf der Seite des Vogelsbergkreises www.vogelsbergkreis.de in der Rubrik \u201eJugendamt\u201c, Men\u00fcpunkt \u201eFachstelle Kindertagespflege\u201c unter dem\u00c2\u00a0 Stichwort \u201eTagespflegesatzung\u201c zu finden.<\/p>\n<p>Interessierte Eltern k\u00f6nnen sich aber auch direkt bei der Fachstelle Kindertagespflege (Frau Michelsons 06641-9774200 und Frau Jusseaume 06641-9774201), E-Mail kindertagespflege@vogelsbergkreis.de informieren.<\/p>\n","protected":false},"excerpt":{"rendered":"<div class=\"tmnf_excerpt\"><p>\u201eWeil wir allen Eltern die Betreuung durch eine Tagesmutter erm\u00f6glichen wollen, haben wir zum Jahresbeginn die Kosten f\u00fcr die Eltern erheblich gesenkt\u201c, teilt Jugenddezernent Peter Zielinski mit. Damit setzt die Politik ein deutliches Signal f\u00fcr die Vereinbarkeit von Familie und Erwerbst\u00e4tigkeit und macht den Vogelsbergkreis ein St\u00fcck familienfreundlicher. Und auch f\u00fcr die Betreuungspersonen haben sich &hellip;<\/p>\n<\/div>","protected":false},"author":1,"featured_media":134903,"comment_status":"closed","ping_status":"closed","sticky":false,"template":"","format":"standard","meta":{"footnotes":""},"categories":[1,72],"tags":[],"class_list":["post-134902","post","type-post","status-publish","format-standard","has-post-thumbnail","hentry","category-startseite","category-jugend"],"_links":{"self":[{"href":"https:\/\/www.fuldaernachrichten.de\/index.php?rest_route=\/wp\/v2\/posts\/134902","targetHints":{"allow":["GET"]}}],"collection":[{"href":"https:\/\/www.fuldaernachrichten.de\/index.php?rest_route=\/wp\/v2\/posts"}],"about":[{"href":"https:\/\/www.fuldaernachrichten.de\/index.php?rest_route=\/wp\/v2\/types\/post"}],"author":[{"embeddable":true,"href":"https:\/\/www.fuldaernachrichten.de\/index.php?rest_route=\/wp\/v2\/users\/1"}],"replies":[{"embeddable":true,"href":"https:\/\/www.fuldaernachrichten.de\/index.php?rest_route=%2Fwp%2Fv2%2Fcomments&post=134902"}],"version-history":[{"count":1,"href":"https:\/\/www.fuldaernachrichten.de\/index.php?rest_route=\/wp\/v2\/posts\/134902\/revisions"}],"predecessor-version":[{"id":134904,"href":"https:\/\/www.fuldaernachrichten.de\/index.php?rest_route=\/wp\/v2\/posts\/134902\/revisions\/134904"}],"wp:featuredmedia":[{"embeddable":true,"href":"https:\/\/www.fuldaernachrichten.de\/index.php?rest_route=\/wp\/v2\/media\/134903"}],"wp:attachment":[{"href":"https:\/\/www.fuldaernachrichten.de\/index.php?rest_route=%2Fwp%2Fv2%2Fmedia&parent=134902"}],"wp:term":[{"taxonomy":"category","embeddable":true,"href":"https:\/\/www.fuldaernachrichten.de\/index.php?rest_route=%2Fwp%2Fv2%2Fcategories&post=134902"},{"taxonomy":"post_tag","embeddable":true,"href":"https:\/\/www.fuldaernachrichten.de\/index.php?rest_route=%2Fwp%2Fv2%2Ftags&post=134902"}],"curies":[{"name":"wp","href":"https:\/\/api.w.org\/{rel}","templated":true}]}}