{"id":134832,"date":"2015-02-09T15:50:06","date_gmt":"2015-02-09T14:50:06","guid":{"rendered":"http:\/\/www.fuldaer-nachrichten.de\/?p=134832"},"modified":"2015-02-09T15:50:06","modified_gmt":"2015-02-09T14:50:06","slug":"wohnen-in-fulda-es-gibt-viel-zu-tun","status":"publish","type":"post","link":"https:\/\/www.fuldaernachrichten.de\/?p=134832","title":{"rendered":"Wohnen in Fulda: Es gibt viel zu tun"},"content":{"rendered":"<p>Mit der Wohnsituation in Fulda haben sich die SPD-Oberb\u00fcrgermeisterkandidatin Birgit K\u00f6mpel und die Fuldaer Sozialdemokraten auseinandergesetzt. Sie setzen sich laut Pressemitteilung f\u00fcr folgende Themen ein: Sozial gef\u00f6rderte Wohnungsbauprojekte, bezahlbarer Wohnraum, barrierefreier Wohnungsbau, Bildung von Eigentum, die Nachverdichtung von st\u00e4dtischen Wohnquartieren sowie studentisches Wohnen. \u201eEs gibt hier viele Ans\u00e4tze zu handeln und einiges zu tun\u201c, sagt Birgit K\u00f6mpel.<\/p>\n<p>Sozial gef\u00f6rderte Wohnungsbauprojekte<br \/>\nDer Fuldaer Wohnungsmarkt hat an mehreren Stellen Bedarf. Studien belegen, dass zuk\u00fcnftig j\u00e4hrlich etwa 30 sozial gebundene Wohnungen gebaut werden m\u00fcssen, um das Wegfallen von Sozialwohnungsraum zu kompensieren. Diese Zahl wird in Fulda nicht erreicht. Birgit K\u00f6mpel wird sich als Oberb\u00fcrgermeisterin daf\u00fcr einsetzen, dass mindestens j\u00e4hrlich 30 Sozialwohnungen mit Mietpreisbindung in Fulda entstehen.<\/p>\n<p>Bezahlbarer Wohnungsraum<br \/>\nNeben dem sozialen Wohnungsbau fehlt es in Fulda auch an \u201ebezahlbaren\u201c Wohnungen. Oberb\u00fcrgermeister-Kandidatin K\u00f6mpel geht es in diesem Zusammenhang um Familien mit durchschnittlichem Einkommen. Hier fehlt es an einem Angebot an Wohnungen in einem mittleren Preissegment. Eine gute Ausstattung bei vern\u00fcnftigen Mieten ist das Ziel. Die Kommunalpolitik kann hier den Rahmen setzen.<\/p>\n<p>Barrierefreier Wohnungsbau<br \/>\nDie SPD hat es erreicht, dass es in Fulda einen Behindertenbeirat gibt. Die gute Arbeit dieses Beirates f\u00fchrt uns immer wieder vor Augen, was es hei\u00dft, eine barrierefreie Stadt zu werden. F\u00fcr viele Mitb\u00fcrgerinnen und Mitb\u00fcrger ist eine barrierefreie Wohnung durch ihre Behinderung zwingend. Birgit K\u00f6mpel und die Fuldaer SPD\u00c2\u00a0 wollen verst\u00e4rkt diese Barrierefreiheit f\u00f6rdern und zum Beispiel in Bebauungsplanverfahren ber\u00fccksichtigen.<\/p>\n<p>Bildung von Eigentum<br \/>\nDie Stadt Fulda hat viele Einwohner \u2013 vor allem junge Familien \u2013 an die Stadtrandgemeinden Petersberg, K\u00fcnzell und Eichenzell verloren, weil \u2013 neben dem Gebiet Fulda-Galerie \u2013 \u00fcber Jahre keine weiteren Baugebiete in den Stadtteilen erschlossen wurden. Gerade f\u00fcr die sogenannte \u201eMittelschicht\u201c ist der Bau eines Einfamilienhauses die Erf\u00fcllung eines Lebenstraumes. Birgit K\u00f6mpel und die SPD wollen daf\u00fcr sorgen, dass es f\u00fcr viele Fuldaerinnen und Fuldaer m\u00f6glich wird, in der Stadt mit ihren Stadtteilen diesen Traum zu verwirklichen. Dabei muss ein ausreichendes Angebot an Baupl\u00e4tzen geschaffen werden! Bezahlbare Quadratmeterpreise sind notwendig. Gerade bei dem historisch niedrigen Zinsniveau f\u00fcr Hypothekendarlehen besteht die einmalige Chance, auch Familien zu Eigentum zu verhelfen, die fr\u00fcher von solchen Ideen ausgeschlossen waren. Die Stadt Fulda muss diese Chance zielstrebig ergreifen.<\/p>\n<p>Nachverdichtung von st\u00e4dtischem Wohnen<br \/>\nNeben der klassischen Familie zeichnet sich unsere Gesellschaft mehr und mehr durch die unterschiedlichsten Lebensformen aus. Eine wachsende Anzahl von Alleinerziehenden und Singlehaushalten f\u00fchrt zu einer verst\u00e4rkten Nachfrage nach kleineren Wohnungen in zentraler, innerst\u00e4dtischer Lage. Die Sozialdemokraten haben die Forderung einer Stadtentwicklungsgesellschaft erhoben mit dem Ziel, diese Form des Wohnens in unserer Stadt auszubauen. Neben privaten Investoren muss laut K\u00f6mpel die Stadt selbst die M\u00f6glichkeiten des sogenannten Nachverdichtens des Wohnbestandes in der Kernstadt anstreben. Brachliegende Liegenschaften \u2013 auch gewerbliche Fl\u00e4chen \u2013 m\u00fcssen \u00fcberplant und zur Attraktivit\u00e4tssteigerung des Wohnens in der Stadt beitragen.<\/p>\n<p>Studentisches Wohnen<br \/>\nNicht zuletzt muss laut K\u00f6mpel die F\u00f6rderung von studentischem Wohnen ein weiteres Ziel der Stadtentwicklung sein. Die Hochschule Fulda aber auch die vielen weiteren Fachschulen bereichern die Stadt mit studentischem Leben. Die vielen tausend Studierende brauchen bezahlbare \u201eStudentenbuden\u201c mit guten Wohnstandards, m\u00f6glichst zentral gelegen. Ein \u201ebezahlbares, gutes, studentisches Wohnangebot\u201c ist ein sogenannter \u201eweicher Standortfaktor\u201c f\u00fcr die Wahl eines Studienplatzes. Und gut qualifizierter Nachwuchs bleibt vielleicht der Stadt und seinen Unternehmen erhalten.<\/p>\n","protected":false},"excerpt":{"rendered":"<div class=\"tmnf_excerpt\"><p>Mit der Wohnsituation in Fulda haben sich die SPD-Oberb\u00fcrgermeisterkandidatin Birgit K\u00f6mpel und die Fuldaer Sozialdemokraten auseinandergesetzt. Sie setzen sich laut Pressemitteilung f\u00fcr folgende Themen ein: Sozial gef\u00f6rderte Wohnungsbauprojekte, bezahlbarer Wohnraum, barrierefreier Wohnungsbau, Bildung von Eigentum, die Nachverdichtung von st\u00e4dtischen Wohnquartieren sowie studentisches Wohnen. \u201eEs gibt hier viele Ans\u00e4tze zu handeln und einiges zu tun\u201c, sagt &hellip;<\/p>\n<\/div>","protected":false},"author":1,"featured_media":0,"comment_status":"closed","ping_status":"closed","sticky":false,"template":"","format":"standard","meta":{"footnotes":""},"categories":[1,53,72,44,29],"tags":[],"class_list":["post-134832","post","type-post","status-publish","format-standard","hentry","category-startseite","category-bildung","category-jugend","category-kultur","category-politik"],"_links":{"self":[{"href":"https:\/\/www.fuldaernachrichten.de\/index.php?rest_route=\/wp\/v2\/posts\/134832","targetHints":{"allow":["GET"]}}],"collection":[{"href":"https:\/\/www.fuldaernachrichten.de\/index.php?rest_route=\/wp\/v2\/posts"}],"about":[{"href":"https:\/\/www.fuldaernachrichten.de\/index.php?rest_route=\/wp\/v2\/types\/post"}],"author":[{"embeddable":true,"href":"https:\/\/www.fuldaernachrichten.de\/index.php?rest_route=\/wp\/v2\/users\/1"}],"replies":[{"embeddable":true,"href":"https:\/\/www.fuldaernachrichten.de\/index.php?rest_route=%2Fwp%2Fv2%2Fcomments&post=134832"}],"version-history":[{"count":1,"href":"https:\/\/www.fuldaernachrichten.de\/index.php?rest_route=\/wp\/v2\/posts\/134832\/revisions"}],"predecessor-version":[{"id":134833,"href":"https:\/\/www.fuldaernachrichten.de\/index.php?rest_route=\/wp\/v2\/posts\/134832\/revisions\/134833"}],"wp:attachment":[{"href":"https:\/\/www.fuldaernachrichten.de\/index.php?rest_route=%2Fwp%2Fv2%2Fmedia&parent=134832"}],"wp:term":[{"taxonomy":"category","embeddable":true,"href":"https:\/\/www.fuldaernachrichten.de\/index.php?rest_route=%2Fwp%2Fv2%2Fcategories&post=134832"},{"taxonomy":"post_tag","embeddable":true,"href":"https:\/\/www.fuldaernachrichten.de\/index.php?rest_route=%2Fwp%2Fv2%2Ftags&post=134832"}],"curies":[{"name":"wp","href":"https:\/\/api.w.org\/{rel}","templated":true}]}}