{"id":134825,"date":"2015-02-09T15:48:33","date_gmt":"2015-02-09T14:48:33","guid":{"rendered":"http:\/\/www.fuldaer-nachrichten.de\/?p=134825"},"modified":"2015-02-09T15:48:33","modified_gmt":"2015-02-09T14:48:33","slug":"jakobswegbericht-und-film-pilgern-auf-franzoesisch","status":"publish","type":"post","link":"https:\/\/www.fuldaernachrichten.de\/?p=134825","title":{"rendered":"Jakobswegbericht und Film \u201ePilgern auf Franz\u00f6sisch\u201c"},"content":{"rendered":"<p>Wer etwas \u00fcber den Jakobsweg nach Santiago de Compostela erfahren m\u00f6chte, ist im \u201eKino in der Festscheune des Antoniusheims\u201c in\u00c2\u00a0 Fulda (An St. Kathrin 4) genau richtig. Am Freitag, 20. Februar und am Samstag, 21. Februar 2015 spricht jeweils um 19.30 Uhr (Einlass bereits ab 18.50 Uhr)\u00c2\u00a0\u00c2\u00a0 Heinzpeter Emden-Weinert aus Petersberg \u00fcber den Jakobsweg und danach l\u00e4uft die wundervolle franz\u00f6sische Kom\u00f6die \u201eSt.Jacques\u00e2\u20ac\u00a6Pilgern auf Franz\u00f6sisch\u201c.<\/p>\n<p>Veranstalter ist Thomas Bayer, PR &amp; Filmevents, mit freundlicher Unterst\u00fctzung des Antoniusheims Fulda.<br \/>\nDie Atmosph\u00e4re der Festscheune mit ihrem Kaminofen ist au\u00dfergew\u00f6hnlich. Ein Besuch lohnt sich auf jeden Fall.<br \/>\nDie Veranstaltungen beginnen p\u00fcnktlich. Es besteht freie Sitzplatzwahl, Bewirtung ist vorhanden. Besucher sollten sich bitte eine dicke Sitzauflage mitbringen. Die Festscheune liegt ca. 50 m rechts neben dem Antonius-Cafe.<\/p>\n<p>Kein Weg hat die Menschen so fasziniert wie der Jakobsweg nach Santiago de Compostela. Hunderttausende zieht es Jahr f\u00fcr Jahr auf diesen Weg. An diesen Abenden wird Heinzpeter Emden-Weinert von seinen Erlebnissen auf dem K\u00fcstenweg \u201eCamino del Norte\u201c von Ir\u00c3\u00ban \u00fcber Bilbao und Santander nach Santiago de Compostela berichten und dazu eigene Bilder pr\u00e4sentieren (von 19:30 -\u00c2\u00a0 20:45 Uhr).<\/p>\n<p>Danach ab ca. 20.55 Uhr folgt der Film \u201ePilgern auf Franz\u00f6sisch\u201c: Inhalt: Die drei Geschwister Clara, Claude und Pierre erhalten das Erbe ihrer Mutter erst dann, wenn sie sich gemeinsam auf den Jakobsweg nach Santiago de Compostela begeben. Schlimmer k\u00f6nnte es f\u00fcr sie nicht kommen, hatten sie doch in den letzten Jahren kaum Kontakt. Zudem sind sie f\u00fcr solche k\u00f6rperlichen Strapazen einfach nicht gemacht. Doch Kalte Duschen und Blasen an den F\u00fc\u00dfen f\u00f6rdern das Wir-Gef\u00fchl und auf einmal wird Ihre Reise zu einer\u00c2\u00a0 Reise zu sich selbst. Der Weg ist das Ziel. Wundervolle Kom\u00f6die !.<\/p>\n<p>Tickets sind ab sofort im VVK f\u00fcr 6 \u00e2\u201a\u00ac erh\u00e4ltlich. An der Abendkasse kosten die Karten 7 \u00e2\u201a\u00ac. Nat\u00fcrlich gibt es auch immer Karten an der Abendkasse. Bitte fr\u00fchzeitig da sein. Neu ! Karten f\u00fcr Sch\u00fcler und Studenten kosten an der Abendkasse 5,50 \u00e2\u201a\u00ac. VVK-Stellen sind die Gesch\u00e4ftssteller der FZ am Peterstor Fulda, der Antonius-Laden Fulda und das Gestalten-Werk Fulda (Severiberg). Infos zu den Kinoveranstaltungen gibt es auch unter Tel. 0661 \/ 1097- 480 und Tel. 0 66 58 \/ 91 86 03.<\/p>\n","protected":false},"excerpt":{"rendered":"<div class=\"tmnf_excerpt\"><p>Wer etwas \u00fcber den Jakobsweg nach Santiago de Compostela erfahren m\u00f6chte, ist im \u201eKino in der Festscheune des Antoniusheims\u201c in\u00c2\u00a0 Fulda (An St. Kathrin 4) genau richtig. Am Freitag, 20. Februar und am Samstag, 21. Februar 2015 spricht jeweils um 19.30 Uhr (Einlass bereits ab 18.50 Uhr)\u00c2\u00a0\u00c2\u00a0 Heinzpeter Emden-Weinert aus Petersberg \u00fcber den Jakobsweg und &hellip;<\/p>\n<\/div>","protected":false},"author":1,"featured_media":134826,"comment_status":"closed","ping_status":"closed","sticky":false,"template":"","format":"standard","meta":{"footnotes":""},"categories":[1,44],"tags":[],"class_list":["post-134825","post","type-post","status-publish","format-standard","has-post-thumbnail","hentry","category-startseite","category-kultur"],"_links":{"self":[{"href":"https:\/\/www.fuldaernachrichten.de\/index.php?rest_route=\/wp\/v2\/posts\/134825","targetHints":{"allow":["GET"]}}],"collection":[{"href":"https:\/\/www.fuldaernachrichten.de\/index.php?rest_route=\/wp\/v2\/posts"}],"about":[{"href":"https:\/\/www.fuldaernachrichten.de\/index.php?rest_route=\/wp\/v2\/types\/post"}],"author":[{"embeddable":true,"href":"https:\/\/www.fuldaernachrichten.de\/index.php?rest_route=\/wp\/v2\/users\/1"}],"replies":[{"embeddable":true,"href":"https:\/\/www.fuldaernachrichten.de\/index.php?rest_route=%2Fwp%2Fv2%2Fcomments&post=134825"}],"version-history":[{"count":1,"href":"https:\/\/www.fuldaernachrichten.de\/index.php?rest_route=\/wp\/v2\/posts\/134825\/revisions"}],"predecessor-version":[{"id":134827,"href":"https:\/\/www.fuldaernachrichten.de\/index.php?rest_route=\/wp\/v2\/posts\/134825\/revisions\/134827"}],"wp:featuredmedia":[{"embeddable":true,"href":"https:\/\/www.fuldaernachrichten.de\/index.php?rest_route=\/wp\/v2\/media\/134826"}],"wp:attachment":[{"href":"https:\/\/www.fuldaernachrichten.de\/index.php?rest_route=%2Fwp%2Fv2%2Fmedia&parent=134825"}],"wp:term":[{"taxonomy":"category","embeddable":true,"href":"https:\/\/www.fuldaernachrichten.de\/index.php?rest_route=%2Fwp%2Fv2%2Fcategories&post=134825"},{"taxonomy":"post_tag","embeddable":true,"href":"https:\/\/www.fuldaernachrichten.de\/index.php?rest_route=%2Fwp%2Fv2%2Ftags&post=134825"}],"curies":[{"name":"wp","href":"https:\/\/api.w.org\/{rel}","templated":true}]}}