{"id":134758,"date":"2015-02-06T15:04:56","date_gmt":"2015-02-06T14:04:56","guid":{"rendered":"http:\/\/www.fuldaer-nachrichten.de\/?p=134758"},"modified":"2015-02-06T15:04:56","modified_gmt":"2015-02-06T14:04:56","slug":"hoerspielprojekt-des-jugendbildungswerkes-hoer-gut-zu-hier-gibt-es-was-auf-die-ohren","status":"publish","type":"post","link":"https:\/\/www.fuldaernachrichten.de\/?p=134758","title":{"rendered":"H\u00f6rspielprojekt des Jugendbildungswerkes &#8211; \u201eH\u00f6r gut zu- hier gibt es was auf die Ohren!\u201c"},"content":{"rendered":"<p>Das Jugendbildungswerk der Stadt Fulda bietet f\u00fcr Kinder von 7 bis 10 Jahren in der ersten Osterferienwoche ein H\u00f6rspielprojekt an. Von Montag, 30. M\u00e4rz, bis Donnerstag, 02. April 2015, jeweils von 10 bis 14 Uhr, gibt es jede Menge zum H\u00f6ren. Nachdem die Kinder ihre Ohren geschult haben, werden sie sich eine eigene Geschichte ausdenken, diese vertonen und Ger\u00e4usche dazu aufnehmen \u2013 so wird ein eigenes kleines H\u00f6rspiel produziert.<\/p>\n<p>Der Kurs findet in den R\u00e4umen des Kindertreff \u201eZitrone\u201c im Zitronemannsg\u00e4sschen 2, 36037 Fulda statt und kostet 15 Euro.\u00c2\u00a0 Anmeldungen sind online unter www.bildung-freizeit.de m\u00f6glich. Mehr Informationen unter Telefon 0661 \/ 1021993 oder heike.muenker@fulda.de<\/p>\n","protected":false},"excerpt":{"rendered":"<div class=\"tmnf_excerpt\"><p>Das Jugendbildungswerk der Stadt Fulda bietet f\u00fcr Kinder von 7 bis 10 Jahren in der ersten Osterferienwoche ein H\u00f6rspielprojekt an. Von Montag, 30. M\u00e4rz, bis Donnerstag, 02. April 2015, jeweils von 10 bis 14 Uhr, gibt es jede Menge zum H\u00f6ren. Nachdem die Kinder ihre Ohren geschult haben, werden sie sich eine eigene Geschichte ausdenken, &hellip;<\/p>\n<\/div>","protected":false},"author":1,"featured_media":0,"comment_status":"closed","ping_status":"closed","sticky":false,"template":"","format":"standard","meta":{"footnotes":""},"categories":[1,53,72],"tags":[],"class_list":["post-134758","post","type-post","status-publish","format-standard","hentry","category-startseite","category-bildung","category-jugend"],"_links":{"self":[{"href":"https:\/\/www.fuldaernachrichten.de\/index.php?rest_route=\/wp\/v2\/posts\/134758","targetHints":{"allow":["GET"]}}],"collection":[{"href":"https:\/\/www.fuldaernachrichten.de\/index.php?rest_route=\/wp\/v2\/posts"}],"about":[{"href":"https:\/\/www.fuldaernachrichten.de\/index.php?rest_route=\/wp\/v2\/types\/post"}],"author":[{"embeddable":true,"href":"https:\/\/www.fuldaernachrichten.de\/index.php?rest_route=\/wp\/v2\/users\/1"}],"replies":[{"embeddable":true,"href":"https:\/\/www.fuldaernachrichten.de\/index.php?rest_route=%2Fwp%2Fv2%2Fcomments&post=134758"}],"version-history":[{"count":1,"href":"https:\/\/www.fuldaernachrichten.de\/index.php?rest_route=\/wp\/v2\/posts\/134758\/revisions"}],"predecessor-version":[{"id":134759,"href":"https:\/\/www.fuldaernachrichten.de\/index.php?rest_route=\/wp\/v2\/posts\/134758\/revisions\/134759"}],"wp:attachment":[{"href":"https:\/\/www.fuldaernachrichten.de\/index.php?rest_route=%2Fwp%2Fv2%2Fmedia&parent=134758"}],"wp:term":[{"taxonomy":"category","embeddable":true,"href":"https:\/\/www.fuldaernachrichten.de\/index.php?rest_route=%2Fwp%2Fv2%2Fcategories&post=134758"},{"taxonomy":"post_tag","embeddable":true,"href":"https:\/\/www.fuldaernachrichten.de\/index.php?rest_route=%2Fwp%2Fv2%2Ftags&post=134758"}],"curies":[{"name":"wp","href":"https:\/\/api.w.org\/{rel}","templated":true}]}}