{"id":134722,"date":"2015-02-05T20:11:59","date_gmt":"2015-02-05T19:11:59","guid":{"rendered":"http:\/\/www.fuldaer-nachrichten.de\/?p=134722"},"modified":"2015-02-05T20:11:59","modified_gmt":"2015-02-05T19:11:59","slug":"kinderuniversitaet-11-februar-bis-25-maerz-2015","status":"publish","type":"post","link":"https:\/\/www.fuldaernachrichten.de\/?p=134722","title":{"rendered":"Kinderuniversit\u00e4t &#8211; 11. Februar bis 25. M\u00e4rz 2015"},"content":{"rendered":"<p>Die Kinder-Akademie Fulda veranstaltet in Kooperation mit der Hochschule Fulda zu Beginn jeden Jahres eine Kinderuniversit\u00e4t, bei der Referenten aus Wissenschaft, Medizin, Wirtschaft und Kultur Kinder zwischen 8 und 12 Jahren Fachfragen aus ihren Wissensgebieten erl\u00e4utern. Die Veranstaltungsreihe startet am 11. Februar 2015 und endet am 25. M\u00e4rz 2015. F\u00fcr jede Vorlesung wird eine Geb\u00fchr von \u00e2\u201a\u00ac 1,50 erhoben, die als Stempel in der Kinder-Akademie Fulda erh\u00e4ltlich ist. Die Vorlesegeb\u00fchr betr\u00e4gt 1,50 Euro und ist in der Kinder-Akademie Fulda sowie eine viertel Stunde vor der Veranstaltung vor Ort zu zahlen (nur bei nicht ausgebuchten Veranstaltungen!).<\/p>\n<p>Aktueller Termin:<br \/>\nTermin: 11. Februar 2015, 16.00 \u2013 17.00 Uhr<br \/>\nReferent: Priv.-Doz. Dr. Andreas Hertel, Nuklearmedizin, Klinikum Fulda<br \/>\nTitel: Wie k\u00f6nnen radioaktive Strahlen Menschen helfen?<br \/>\nVeranstaltungsort: Klinikum Fulda, H\u00f6rsaal<\/p>\n","protected":false},"excerpt":{"rendered":"<div class=\"tmnf_excerpt\"><p>Die Kinder-Akademie Fulda veranstaltet in Kooperation mit der Hochschule Fulda zu Beginn jeden Jahres eine Kinderuniversit\u00e4t, bei der Referenten aus Wissenschaft, Medizin, Wirtschaft und Kultur Kinder zwischen 8 und 12 Jahren Fachfragen aus ihren Wissensgebieten erl\u00e4utern. Die Veranstaltungsreihe startet am 11. Februar 2015 und endet am 25. M\u00e4rz 2015. F\u00fcr jede Vorlesung wird eine Geb\u00fchr &hellip;<\/p>\n<\/div>","protected":false},"author":1,"featured_media":0,"comment_status":"closed","ping_status":"closed","sticky":false,"template":"","format":"standard","meta":{"footnotes":""},"categories":[1,53,72],"tags":[],"class_list":["post-134722","post","type-post","status-publish","format-standard","hentry","category-startseite","category-bildung","category-jugend"],"_links":{"self":[{"href":"https:\/\/www.fuldaernachrichten.de\/index.php?rest_route=\/wp\/v2\/posts\/134722","targetHints":{"allow":["GET"]}}],"collection":[{"href":"https:\/\/www.fuldaernachrichten.de\/index.php?rest_route=\/wp\/v2\/posts"}],"about":[{"href":"https:\/\/www.fuldaernachrichten.de\/index.php?rest_route=\/wp\/v2\/types\/post"}],"author":[{"embeddable":true,"href":"https:\/\/www.fuldaernachrichten.de\/index.php?rest_route=\/wp\/v2\/users\/1"}],"replies":[{"embeddable":true,"href":"https:\/\/www.fuldaernachrichten.de\/index.php?rest_route=%2Fwp%2Fv2%2Fcomments&post=134722"}],"version-history":[{"count":1,"href":"https:\/\/www.fuldaernachrichten.de\/index.php?rest_route=\/wp\/v2\/posts\/134722\/revisions"}],"predecessor-version":[{"id":134723,"href":"https:\/\/www.fuldaernachrichten.de\/index.php?rest_route=\/wp\/v2\/posts\/134722\/revisions\/134723"}],"wp:attachment":[{"href":"https:\/\/www.fuldaernachrichten.de\/index.php?rest_route=%2Fwp%2Fv2%2Fmedia&parent=134722"}],"wp:term":[{"taxonomy":"category","embeddable":true,"href":"https:\/\/www.fuldaernachrichten.de\/index.php?rest_route=%2Fwp%2Fv2%2Fcategories&post=134722"},{"taxonomy":"post_tag","embeddable":true,"href":"https:\/\/www.fuldaernachrichten.de\/index.php?rest_route=%2Fwp%2Fv2%2Ftags&post=134722"}],"curies":[{"name":"wp","href":"https:\/\/api.w.org\/{rel}","templated":true}]}}