{"id":134717,"date":"2015-02-05T10:52:15","date_gmt":"2015-02-05T09:52:15","guid":{"rendered":"http:\/\/www.fuldaer-nachrichten.de\/?p=134717"},"modified":"2015-02-05T10:52:15","modified_gmt":"2015-02-05T09:52:15","slug":"eine-einsatzjacke-fuer-landrat-goerig","status":"publish","type":"post","link":"https:\/\/www.fuldaernachrichten.de\/?p=134717","title":{"rendered":"Eine Einsatzjacke f\u00fcr Landrat G\u00f6rig"},"content":{"rendered":"<p>Kreisbrandinspektor Dr. Holland (links) \u00fcberreichte dem obersten Dienstherren der Feuerwehren die Jacke, die sein Fahrer J\u00fcrgen Steuernagel ab sofort im Dienstfahrzeug mitf\u00fchrt.<\/p>\n<p>\u201eNicht immer sind die Wetterbedingungen bei Eins\u00e4tzen daf\u00fcr geeignet, im Anzug zu erscheinen. Mit dieser Einsatzjacke sind Sie bestens ger\u00fcstet.\u201c Kreisbrandinspektor Dr. Sven Holland \u00fcberreichte im Rahmen einer Dienstbesprechung die neue Einsatzjacke an Landrat G\u00f6rig. Im vergangenen Jahr hatte es einige Gro\u00dfeins\u00e4tze gegeben, bei denen auch der Landrat vor Ort war um sich einen Eindruck von der Lage zu verschaffen.<\/p>\n<p>Der Kreisbrandinspektor folgte dem Vorschlag des Fahrers J\u00fcrgen Steuernagel und lie\u00df dem obersten Dienstherren der Feuerwehren im Landkreis auch ein R\u00fcckenschild anfertigen mit dem Aufdruck \u201eLandrat\u201c. Das Schild kennzeichnet bei den Feuerwehren u.a. die F\u00fchrungskr\u00e4fteaufgabe. Dr. Holland tr\u00e4gt dementsprechend die Aufschrift \u201eKreisbrandinspektor\u201c. Ab sofort liegt die Einsatzjacke im Dienstfahrzeug des Landrats, jederzeit griffbereit falls es erforderlich wird.<\/p>\n","protected":false},"excerpt":{"rendered":"<div class=\"tmnf_excerpt\"><p>Kreisbrandinspektor Dr. Holland (links) \u00fcberreichte dem obersten Dienstherren der Feuerwehren die Jacke, die sein Fahrer J\u00fcrgen Steuernagel ab sofort im Dienstfahrzeug mitf\u00fchrt. \u201eNicht immer sind die Wetterbedingungen bei Eins\u00e4tzen daf\u00fcr geeignet, im Anzug zu erscheinen. Mit dieser Einsatzjacke sind Sie bestens ger\u00fcstet.\u201c Kreisbrandinspektor Dr. Sven Holland \u00fcberreichte im Rahmen einer Dienstbesprechung die neue Einsatzjacke an &hellip;<\/p>\n<\/div>","protected":false},"author":1,"featured_media":134718,"comment_status":"closed","ping_status":"closed","sticky":false,"template":"","format":"standard","meta":{"footnotes":""},"categories":[1,71],"tags":[],"class_list":["post-134717","post","type-post","status-publish","format-standard","has-post-thumbnail","hentry","category-startseite","category-feuerwehr"],"_links":{"self":[{"href":"https:\/\/www.fuldaernachrichten.de\/index.php?rest_route=\/wp\/v2\/posts\/134717","targetHints":{"allow":["GET"]}}],"collection":[{"href":"https:\/\/www.fuldaernachrichten.de\/index.php?rest_route=\/wp\/v2\/posts"}],"about":[{"href":"https:\/\/www.fuldaernachrichten.de\/index.php?rest_route=\/wp\/v2\/types\/post"}],"author":[{"embeddable":true,"href":"https:\/\/www.fuldaernachrichten.de\/index.php?rest_route=\/wp\/v2\/users\/1"}],"replies":[{"embeddable":true,"href":"https:\/\/www.fuldaernachrichten.de\/index.php?rest_route=%2Fwp%2Fv2%2Fcomments&post=134717"}],"version-history":[{"count":1,"href":"https:\/\/www.fuldaernachrichten.de\/index.php?rest_route=\/wp\/v2\/posts\/134717\/revisions"}],"predecessor-version":[{"id":134719,"href":"https:\/\/www.fuldaernachrichten.de\/index.php?rest_route=\/wp\/v2\/posts\/134717\/revisions\/134719"}],"wp:featuredmedia":[{"embeddable":true,"href":"https:\/\/www.fuldaernachrichten.de\/index.php?rest_route=\/wp\/v2\/media\/134718"}],"wp:attachment":[{"href":"https:\/\/www.fuldaernachrichten.de\/index.php?rest_route=%2Fwp%2Fv2%2Fmedia&parent=134717"}],"wp:term":[{"taxonomy":"category","embeddable":true,"href":"https:\/\/www.fuldaernachrichten.de\/index.php?rest_route=%2Fwp%2Fv2%2Fcategories&post=134717"},{"taxonomy":"post_tag","embeddable":true,"href":"https:\/\/www.fuldaernachrichten.de\/index.php?rest_route=%2Fwp%2Fv2%2Ftags&post=134717"}],"curies":[{"name":"wp","href":"https:\/\/api.w.org\/{rel}","templated":true}]}}