{"id":134589,"date":"2015-02-02T17:25:57","date_gmt":"2015-02-02T16:25:57","guid":{"rendered":"http:\/\/www.fuldaer-nachrichten.de\/?p=134589"},"modified":"2015-02-02T17:25:57","modified_gmt":"2015-02-02T16:25:57","slug":"inklusives-hof-cafe-auf-dem-antonius-hof","status":"publish","type":"post","link":"https:\/\/www.fuldaernachrichten.de\/?p=134589","title":{"rendered":"Inklusives Hof-Caf\u00e9 auf dem Antonius-Hof"},"content":{"rendered":"<p>Fulda. Vergangenen Samstag gab es auf dem Antonius-Hof in Fulda-Haimbach den Startschuss f\u00fcr das Projekt \u201eInklusives Hof-Caf\u00e9\u201c. \u201eMit dem geplanten Caf\u00e9 bei uns auf dem Antonius-Hof wollen wir weitere M\u00f6glichkeiten schaffen, dass Menschen mit und ohne Behinderung sich begegnen k\u00f6nnen\u201c, sagte Rainer Sippel, Gesch\u00e4ftsf\u00fchrer des Antoniusheims. Er f\u00fcgte hinzu, dass dieses Vorhaben sowohl f\u00fcr die B\u00fcrgerinnen und B\u00fcrger der Region, als auch f\u00fcr die Menschen mit Behinderungen vor Ort eine gro\u00dfe Bereicherung sei. \u201eWir haben die Erfahrung gemacht, dass durch Begegnungen Vorurtteile abgebaut werden und sich Menschen, egal ob mit oder ohne Behinderung, auf Augenh\u00f6he begegnen k\u00f6nnen. Das Vorhaben ist also ein wichtiger Schritt in eine inklusive Gesellschaft.\u201c Auch als Ausbildungsbetrieb sei der Antonius-Hof eine wichtige S\u00e4ule im Netzwerk Antoniusheim.\u00c2\u00a0 Zur Zeit bef\u00e4nden sich f\u00fcnf Auszubildende in der Regelausbildung und neun junge Menschen aus der Startbahn auf dem Hof. Komplettiert werden die jungen Erwachsenen durch vier Teilnehmer des Antonius-Jahres.<\/p>\n<p>Dass das Caf\u00e9 neben dem klassischen Betrieb auch weitere Nutzungsm\u00f6glichkeiten zulasse, erkl\u00e4rte der Leiter des Antonius-Hofs, Peter Linz. \u201eNeben den tollen M\u00f6glichkeiten als Treffpunkt, kann hier kann beispielsweise auch mal eine Fortbildung stattfinden oder man nutzt das Caf\u00e9 f\u00fcr famili\u00e4re Anl\u00e4sse\u201c, erkl\u00e4rte Linz und verwies auf das bereits jetzt schon gute Miteinander der B\u00fcrger Haimbachs und den Mitarbeitern des Hofes. \u201eAn den Agrar-Kultur-Tagen findet beispielsweise der Haimbacher Gottesdienst auf dem Hof statt, der Chor des Antoniusheims begleitet ihn gemeinsam mit dem Gesangsverein der Pfarrgemeinde \u2013 ein tolles Erlebnis. Au\u00dferdem pflegt die Haimbacher Grundschule schon seit l\u00e4ngerem eine Partnerschaft mit dem Antonius-Hof.\u201c<\/p>\n<p>Die Bauma\u00dfnahmen, die unter anderem die Verlagerungen des Kartoffelsch\u00e4lbetriebes und den Umbau der R\u00e4umlichkeiten beinhalten, werden auf Grund des inklusiven Gedankens auch vom Land Hessen unterst\u00fctzt. Daher kam am Samstag auch der Hessische Minister f\u00fcr Soziales und Integration, Stefan Gr\u00fcttner, um einen F\u00f6rderbescheid des Landes Hessen in H\u00f6he von 239.000,00 \u00e2\u201a\u00ac an die Vertreter des Antonius-Hofes zu \u00fcberreichen. \u201eDas Antoniusheim, welches Menschen mit Behinderung die gleichberechtigte Teilhabe erm\u00f6glicht und mit seinem Projekt \u201eInklusives Hof-Caf\u00e9\u201c den sozialen Austausch f\u00f6rdert und neue Arbeitspl\u00e4tze schafft,\u00c2\u00a0 lebt Inklusion und soziale Verantwortung. Dies verdient Dank, Anerkennung und Unterst\u00fctzung. Es ist mir daher eine Freude, heute stellvertretend f\u00fcr das Land Hessen den F\u00f6rdermittelbescheid zu \u00fcbergeben.\u201c sagte der Minister.<\/p>\n<p>Im Caf\u00e9 soll zus\u00e4tzlich noch ein kleiner Laden mit \u00f6kologischen Produkten vom Antonius-Hof und den angeschlossenen Partnerbetrieben unter dem Motto regional, biologisch und sozial er\u00f6ffnen.<\/p>\n<p>\u201eSeit \u00fcber 25 Jahren hat sich der Antonius-Hof der \u00f6kologischen Landwirtschaft verpflichtet und ist Demonstrationsbetrieb der Bundesregierung\u201c, erkl\u00e4rte Linz. In der Region Fulda sei der Anteil an \u00d6kologischer Landwirtschaft mit rund zehn Prozent wesentlich h\u00f6her als im Durchschnitt in der Bunderepublik (rund 6,5%). Mit Hilfe des Ladens wolle man diese Produkte nun \u201edirekt vom Erzeuger\u201c anbieten.<\/p>\n<p>\u201eGesunde Lebensmittel, ein Caf\u00e9 sowie Begegnungen von Menschen mit und ohne Behinderungen: Dies alles ist ein gro\u00dfer Mehrwert f\u00fcr die Region und ein Schritt in Richtung inklusive Gesellschaft, bei der alle B\u00fcrgerinnen und B\u00fcrger profitieren k\u00f6nnen\u201c, sagte der Vorstand des Kuratoriums, Dr. Alois Rhiel zum Abschluss.<\/p>\n","protected":false},"excerpt":{"rendered":"<div class=\"tmnf_excerpt\"><p>Fulda. Vergangenen Samstag gab es auf dem Antonius-Hof in Fulda-Haimbach den Startschuss f\u00fcr das Projekt \u201eInklusives Hof-Caf\u00e9\u201c. \u201eMit dem geplanten Caf\u00e9 bei uns auf dem Antonius-Hof wollen wir weitere M\u00f6glichkeiten schaffen, dass Menschen mit und ohne Behinderung sich begegnen k\u00f6nnen\u201c, sagte Rainer Sippel, Gesch\u00e4ftsf\u00fchrer des Antoniusheims. Er f\u00fcgte hinzu, dass dieses Vorhaben sowohl f\u00fcr die &hellip;<\/p>\n<\/div>","protected":false},"author":1,"featured_media":134590,"comment_status":"closed","ping_status":"closed","sticky":false,"template":"","format":"standard","meta":{"footnotes":""},"categories":[1,53,37,29],"tags":[],"class_list":["post-134589","post","type-post","status-publish","format-standard","has-post-thumbnail","hentry","category-startseite","category-bildung","category-essen-und-trinken","category-politik"],"_links":{"self":[{"href":"https:\/\/www.fuldaernachrichten.de\/index.php?rest_route=\/wp\/v2\/posts\/134589","targetHints":{"allow":["GET"]}}],"collection":[{"href":"https:\/\/www.fuldaernachrichten.de\/index.php?rest_route=\/wp\/v2\/posts"}],"about":[{"href":"https:\/\/www.fuldaernachrichten.de\/index.php?rest_route=\/wp\/v2\/types\/post"}],"author":[{"embeddable":true,"href":"https:\/\/www.fuldaernachrichten.de\/index.php?rest_route=\/wp\/v2\/users\/1"}],"replies":[{"embeddable":true,"href":"https:\/\/www.fuldaernachrichten.de\/index.php?rest_route=%2Fwp%2Fv2%2Fcomments&post=134589"}],"version-history":[{"count":1,"href":"https:\/\/www.fuldaernachrichten.de\/index.php?rest_route=\/wp\/v2\/posts\/134589\/revisions"}],"predecessor-version":[{"id":134591,"href":"https:\/\/www.fuldaernachrichten.de\/index.php?rest_route=\/wp\/v2\/posts\/134589\/revisions\/134591"}],"wp:featuredmedia":[{"embeddable":true,"href":"https:\/\/www.fuldaernachrichten.de\/index.php?rest_route=\/wp\/v2\/media\/134590"}],"wp:attachment":[{"href":"https:\/\/www.fuldaernachrichten.de\/index.php?rest_route=%2Fwp%2Fv2%2Fmedia&parent=134589"}],"wp:term":[{"taxonomy":"category","embeddable":true,"href":"https:\/\/www.fuldaernachrichten.de\/index.php?rest_route=%2Fwp%2Fv2%2Fcategories&post=134589"},{"taxonomy":"post_tag","embeddable":true,"href":"https:\/\/www.fuldaernachrichten.de\/index.php?rest_route=%2Fwp%2Fv2%2Ftags&post=134589"}],"curies":[{"name":"wp","href":"https:\/\/api.w.org\/{rel}","templated":true}]}}