{"id":134537,"date":"2015-02-01T21:15:37","date_gmt":"2015-02-01T20:15:37","guid":{"rendered":"http:\/\/www.fuldaer-nachrichten.de\/?p=134537"},"modified":"2015-02-01T21:15:57","modified_gmt":"2015-02-01T20:15:57","slug":"jack-sucht-ein-neues-zuhause","status":"publish","type":"post","link":"https:\/\/www.fuldaernachrichten.de\/?p=134537","title":{"rendered":"Jack sucht ein neues Zuhause"},"content":{"rendered":"<p>Ich bin Jack, ein wunderbarer Border Collie im besten Alter von sieben Jahren. Leider kann ich in meinem zu Hause nicht mehr bleiben weil es Schwierigkeiten mit dem Nachwuchs gab. Ich bin ein sehr gehorsamer und lernfreudiger Hund. Meine Besitzerin ist sehr traurig, dass Sie mich abgeben muss, doch es gibt keine andere M\u00f6glichkeit. Mit Artgenossen und Katzen verstehe ich mich gut. Ich bin kastriert, geimpft und habe die Begleithundepr\u00fcfung, laufe gut am Pferd mit und mache hobbym\u00e4\u00dfig Agility, Rallye Obedience und Schafe h\u00fcten.<br \/>\nEs ist so traurig, aber ich brauche dringend ein neues zu Hause. Weitere Infos unter 0173 6543210 &#8211; www.verantwortung-leben.de<\/p>\n","protected":false},"excerpt":{"rendered":"<div class=\"tmnf_excerpt\"><p>Ich bin Jack, ein wunderbarer Border Collie im besten Alter von sieben Jahren. Leider kann ich in meinem zu Hause nicht mehr bleiben weil es Schwierigkeiten mit dem Nachwuchs gab. Ich bin ein sehr gehorsamer und lernfreudiger Hund. Meine Besitzerin ist sehr traurig, dass Sie mich abgeben muss, doch es gibt keine andere M\u00f6glichkeit. Mit &hellip;<\/p>\n<\/div>","protected":false},"author":1,"featured_media":134538,"comment_status":"closed","ping_status":"closed","sticky":false,"template":"","format":"standard","meta":{"footnotes":""},"categories":[1,72],"tags":[],"class_list":["post-134537","post","type-post","status-publish","format-standard","has-post-thumbnail","hentry","category-startseite","category-jugend"],"_links":{"self":[{"href":"https:\/\/www.fuldaernachrichten.de\/index.php?rest_route=\/wp\/v2\/posts\/134537","targetHints":{"allow":["GET"]}}],"collection":[{"href":"https:\/\/www.fuldaernachrichten.de\/index.php?rest_route=\/wp\/v2\/posts"}],"about":[{"href":"https:\/\/www.fuldaernachrichten.de\/index.php?rest_route=\/wp\/v2\/types\/post"}],"author":[{"embeddable":true,"href":"https:\/\/www.fuldaernachrichten.de\/index.php?rest_route=\/wp\/v2\/users\/1"}],"replies":[{"embeddable":true,"href":"https:\/\/www.fuldaernachrichten.de\/index.php?rest_route=%2Fwp%2Fv2%2Fcomments&post=134537"}],"version-history":[{"count":2,"href":"https:\/\/www.fuldaernachrichten.de\/index.php?rest_route=\/wp\/v2\/posts\/134537\/revisions"}],"predecessor-version":[{"id":134540,"href":"https:\/\/www.fuldaernachrichten.de\/index.php?rest_route=\/wp\/v2\/posts\/134537\/revisions\/134540"}],"wp:featuredmedia":[{"embeddable":true,"href":"https:\/\/www.fuldaernachrichten.de\/index.php?rest_route=\/wp\/v2\/media\/134538"}],"wp:attachment":[{"href":"https:\/\/www.fuldaernachrichten.de\/index.php?rest_route=%2Fwp%2Fv2%2Fmedia&parent=134537"}],"wp:term":[{"taxonomy":"category","embeddable":true,"href":"https:\/\/www.fuldaernachrichten.de\/index.php?rest_route=%2Fwp%2Fv2%2Fcategories&post=134537"},{"taxonomy":"post_tag","embeddable":true,"href":"https:\/\/www.fuldaernachrichten.de\/index.php?rest_route=%2Fwp%2Fv2%2Ftags&post=134537"}],"curies":[{"name":"wp","href":"https:\/\/api.w.org\/{rel}","templated":true}]}}