{"id":134533,"date":"2015-02-01T21:08:27","date_gmt":"2015-02-01T20:08:27","guid":{"rendered":"http:\/\/www.fuldaer-nachrichten.de\/?p=134533"},"modified":"2015-02-01T21:08:27","modified_gmt":"2015-02-01T20:08:27","slug":"stieler-schueler-beim-chemie-wochenende","status":"publish","type":"post","link":"https:\/\/www.fuldaernachrichten.de\/?p=134533","title":{"rendered":"Stieler-Sch\u00fcler beim Chemie-Wochenende"},"content":{"rendered":"<p>Ende Januar hatten die beiden 17-j\u00e4hrigen Sch\u00fcler Jessica Dehler aus Gro\u00dfenl\u00fcder und Nico Ultsch aus Ebersburg Gelegenheit sich an einem Wochenendseminar \u00fcber die M\u00f6glichkeiten eines Chemie-Studiums an der Technischen Universit\u00e4t Clausthal zu informieren.<br \/>\nDie beiden Sch\u00fcler aus dem 12. Jahrgang des Beruflichen Gymnasiums der Eduard-Stieler-Schule wurden im Chemie-Leistungskurs von ihrer Lehrerin Petra Weber auf die Veranstaltung aufmerksam gemacht.<\/p>\n<p>Zun\u00e4chst standen die k\u00fcnftigen Chemiker in den Laboren des Instituts f\u00fcr Organische Chemie und lernten die dortigen Themenfelder in Experimenten unter Anleitung kennen. Hier durften sie in lockerer Atmosph\u00e4re auch selbst Stoffe abwiegen und vermischen. Im Institut f\u00fcr Anorganische und Analytische Chemie erfuhren Jessica und Nico im Labor, wie Kunststoffflaschen ihre typische blaue oder gr\u00fcne F\u00e4rbung bekommen. Um dies zu verdeutlichen, wurden dann Glasperlen hergestellt.<\/p>\n<div id=\"attachment_134535\" style=\"width: 275px\" class=\"wp-caption alignleft\"><img fetchpriority=\"high\" decoding=\"async\" aria-describedby=\"caption-attachment-134535\" class=\"size-thumbnail wp-image-134535\" src=\"http:\/\/www.fuldaer-nachrichten.de\/wp-content\/uploads\/2015\/02\/2-265x331.jpg\" alt=\"Text und Fotos: Bernhard Ilsemann Bild oben: Nico Ultsch, Jessica Dehler (v.l.n.r.) Bild unten: Die selbst hergestellten \u201eGlasperlen\u201c\" width=\"265\" height=\"331\" srcset=\"https:\/\/www.fuldaernachrichten.de\/wp-content\/uploads\/2015\/02\/2-265x331.jpg 265w, https:\/\/www.fuldaernachrichten.de\/wp-content\/uploads\/2015\/02\/2-212x265.jpg 212w, https:\/\/www.fuldaernachrichten.de\/wp-content\/uploads\/2015\/02\/2-480x600.jpg 480w, https:\/\/www.fuldaernachrichten.de\/wp-content\/uploads\/2015\/02\/2.jpg 900w\" sizes=\"(max-width: 265px) 100vw, 265px\" \/><p id=\"caption-attachment-134535\" class=\"wp-caption-text\">Text und Fotos: Bernhard Ilsemann<br \/>Bild oben: Nico Ultsch, Jessica Dehler (v.l.n.r.)<br \/>Bild unten: Die selbst hergestellten \u201eGlasperlen\u201c<\/p><\/div>\n<p>Am n\u00e4chsten Tag f\u00fchrten die Institute f\u00fcr Physikalische und Technische Chemie in die Welt der Stoffumwandlung ein, um Einblicke in das Chemie-Studium und die sp\u00e4tere Berufswelt zu geben. Auch ein Abend in einer typischen Studentenkneipe geh\u00f6rte dazu. Dabei lobten die dortigen Studenten die pers\u00f6nliche Atmosph\u00e4re, das offene Miteinander und die geringen Lebenshaltungskosten. Abschlie\u00dfend sagten beide \u201eWir haben interessante Menschen getroffen, die so ticken wie wir.\u201c Auch auf ihre Hobbies m\u00fcssten die beiden an der kleinen Universit\u00e4t nicht verzichten. Neben etwa 60 weiteren Sportarten bietet das dortige Sportinstitut f\u00fcr Jessica Tauchkurse und f\u00fcr Nico Bogenschie\u00dfen an.<\/p>\n","protected":false},"excerpt":{"rendered":"<div class=\"tmnf_excerpt\"><p>Ende Januar hatten die beiden 17-j\u00e4hrigen Sch\u00fcler Jessica Dehler aus Gro\u00dfenl\u00fcder und Nico Ultsch aus Ebersburg Gelegenheit sich an einem Wochenendseminar \u00fcber die M\u00f6glichkeiten eines Chemie-Studiums an der Technischen Universit\u00e4t Clausthal zu informieren. Die beiden Sch\u00fcler aus dem 12. Jahrgang des Beruflichen Gymnasiums der Eduard-Stieler-Schule wurden im Chemie-Leistungskurs von ihrer Lehrerin Petra Weber auf die &hellip;<\/p>\n<\/div>","protected":false},"author":1,"featured_media":134534,"comment_status":"closed","ping_status":"closed","sticky":false,"template":"","format":"standard","meta":{"footnotes":""},"categories":[1,53,48],"tags":[],"class_list":["post-134533","post","type-post","status-publish","format-standard","has-post-thumbnail","hentry","category-startseite","category-bildung","category-forschung"],"_links":{"self":[{"href":"https:\/\/www.fuldaernachrichten.de\/index.php?rest_route=\/wp\/v2\/posts\/134533","targetHints":{"allow":["GET"]}}],"collection":[{"href":"https:\/\/www.fuldaernachrichten.de\/index.php?rest_route=\/wp\/v2\/posts"}],"about":[{"href":"https:\/\/www.fuldaernachrichten.de\/index.php?rest_route=\/wp\/v2\/types\/post"}],"author":[{"embeddable":true,"href":"https:\/\/www.fuldaernachrichten.de\/index.php?rest_route=\/wp\/v2\/users\/1"}],"replies":[{"embeddable":true,"href":"https:\/\/www.fuldaernachrichten.de\/index.php?rest_route=%2Fwp%2Fv2%2Fcomments&post=134533"}],"version-history":[{"count":1,"href":"https:\/\/www.fuldaernachrichten.de\/index.php?rest_route=\/wp\/v2\/posts\/134533\/revisions"}],"predecessor-version":[{"id":134536,"href":"https:\/\/www.fuldaernachrichten.de\/index.php?rest_route=\/wp\/v2\/posts\/134533\/revisions\/134536"}],"wp:featuredmedia":[{"embeddable":true,"href":"https:\/\/www.fuldaernachrichten.de\/index.php?rest_route=\/wp\/v2\/media\/134534"}],"wp:attachment":[{"href":"https:\/\/www.fuldaernachrichten.de\/index.php?rest_route=%2Fwp%2Fv2%2Fmedia&parent=134533"}],"wp:term":[{"taxonomy":"category","embeddable":true,"href":"https:\/\/www.fuldaernachrichten.de\/index.php?rest_route=%2Fwp%2Fv2%2Fcategories&post=134533"},{"taxonomy":"post_tag","embeddable":true,"href":"https:\/\/www.fuldaernachrichten.de\/index.php?rest_route=%2Fwp%2Fv2%2Ftags&post=134533"}],"curies":[{"name":"wp","href":"https:\/\/api.w.org\/{rel}","templated":true}]}}