{"id":134531,"date":"2015-02-01T14:25:12","date_gmt":"2015-02-01T13:25:12","guid":{"rendered":"http:\/\/www.fuldaer-nachrichten.de\/?p=134531"},"modified":"2015-02-01T14:25:12","modified_gmt":"2015-02-01T13:25:12","slug":"fuldas-schullandschaft-ergaenzen-ob-kandidat-zwengel-zu-bildungsgerechtigkeit","status":"publish","type":"post","link":"https:\/\/www.fuldaernachrichten.de\/?p=134531","title":{"rendered":"Fuldas Schullandschaft erg\u00e4nzen &#8211; OB-Kandidat Zwengel zu Bildungsgerechtigkeit"},"content":{"rendered":"<p>Fuldas GR\u00dcNEr OB-Kandidat Ralf Zwengel vermisst in Fulda eine echte Wahlfreiheit f\u00fcr die Eltern schulpflichtiger Kinder: \u201eIn Fulda ist Schule durchg\u00e4ngig ab der 5. Klasse streng gegliedert. D. h., Eltern m\u00fcssen bereits ihre 9- bis 10-j\u00e4hrigen Kinder danach beurteilen, welchen Schulabschluss sie erreichen k\u00f6nnen. Diese Qualifikation bildet faktisch den Rahmen f\u00fcr die gesamte Lebensplanung. Vielen Sch\u00fclerInnen kann man mit dieser fr\u00fchen Einteilung nicht gerecht werden. Daher ist eine Erweiterung der Fuldaer Schullandschaft geboten.<\/p>\n<p>Doch in Fuldas 5. Fortschreibung des Schulentwicklungsplans \u2013 gegen die GR\u00dcNEN-Stimmen im Juli 2014 beschlossen \u2013 steht zum Thema Gesamtschule und F\u00f6rderstufe lapidar: \u00e2\u20ac\u0161Das Schulsystem in der Stadt Fulda basiert auf einer seit langem gewachsenen schulform-bezogenen Bildungsstruktur. F\u00fcr eine weitere als integrierte oder kooperative Gesamt-schule gef\u00fchrte Schule besteht nach Auffassung des Schultr\u00e4gers nur ein geringer Bedarf. Ein entsprechendes Angebot mit einer Erweiterung oder Angliederung an eine bestehende Schule ist mit Hinblick auf die baulichen, r\u00e4umlichen und finanziellen Konsequenzen nicht angemessen. Gleiches gilt f\u00fcr die F\u00f6rderstufe.\u00e2\u20ac\u02dc Zwengel kritisiert, dass der Bedarf nach einer Gesamtschule nie erhoben wurde. \u201eNicht einmal dieser Forderung der GR\u00dcNEN-Fraktion hat die CDU zugestimmt\u201c, beklagt Ralf Zwengel.<\/p>\n<p>\u201eInakzeptabel und sicher nicht im Interesse der Stadtregion ist, wenn Eltern, die ihre Kinder am besten in einer Gesamtschule aufgehoben sehen, diese nach Schlitz oder auf eine Privatschule schicken m\u00fcssen. Familien- und bildungsorientierte Politik sieht anders aus\u201c, erl\u00e4utert der GR\u00dcNE-OB-Kandidat.<\/p>\n<p>\u201eIch will die Fuldaer Schulstruktur ja nicht aus den Angeln heben oder gar den Schulfrieden st\u00f6ren, doch eine Erweiterung des Angebotes durch die Einrichtung einer integrierten Gesamtschule w\u00fcrde das Bildungsangebot unserer Stadt erg\u00e4nzen, den Zugang zu Bildung gerechter gestalten, die Bildungschancen jedes einzelnen Kindes erh\u00f6hen\u201c, verdeutlicht Zwengel und stellt abschlie\u00dfend den Gedanken der Inklusion heraus: \u201eWichtig ist, jedem einzelnen Kind mit seinen spezifischen Begabungen und Talenten gerecht zu werden und ihm damit eine umfassende gesellschaftliche Teilhabe zu erm\u00f6glichen.\u201c<\/p>\n","protected":false},"excerpt":{"rendered":"<div class=\"tmnf_excerpt\"><p>Fuldas GR\u00dcNEr OB-Kandidat Ralf Zwengel vermisst in Fulda eine echte Wahlfreiheit f\u00fcr die Eltern schulpflichtiger Kinder: \u201eIn Fulda ist Schule durchg\u00e4ngig ab der 5. Klasse streng gegliedert. D. h., Eltern m\u00fcssen bereits ihre 9- bis 10-j\u00e4hrigen Kinder danach beurteilen, welchen Schulabschluss sie erreichen k\u00f6nnen. Diese Qualifikation bildet faktisch den Rahmen f\u00fcr die gesamte Lebensplanung. Vielen &hellip;<\/p>\n<\/div>","protected":false},"author":1,"featured_media":0,"comment_status":"closed","ping_status":"closed","sticky":false,"template":"","format":"standard","meta":{"footnotes":""},"categories":[1,53,72,29],"tags":[],"class_list":["post-134531","post","type-post","status-publish","format-standard","hentry","category-startseite","category-bildung","category-jugend","category-politik"],"_links":{"self":[{"href":"https:\/\/www.fuldaernachrichten.de\/index.php?rest_route=\/wp\/v2\/posts\/134531","targetHints":{"allow":["GET"]}}],"collection":[{"href":"https:\/\/www.fuldaernachrichten.de\/index.php?rest_route=\/wp\/v2\/posts"}],"about":[{"href":"https:\/\/www.fuldaernachrichten.de\/index.php?rest_route=\/wp\/v2\/types\/post"}],"author":[{"embeddable":true,"href":"https:\/\/www.fuldaernachrichten.de\/index.php?rest_route=\/wp\/v2\/users\/1"}],"replies":[{"embeddable":true,"href":"https:\/\/www.fuldaernachrichten.de\/index.php?rest_route=%2Fwp%2Fv2%2Fcomments&post=134531"}],"version-history":[{"count":1,"href":"https:\/\/www.fuldaernachrichten.de\/index.php?rest_route=\/wp\/v2\/posts\/134531\/revisions"}],"predecessor-version":[{"id":134532,"href":"https:\/\/www.fuldaernachrichten.de\/index.php?rest_route=\/wp\/v2\/posts\/134531\/revisions\/134532"}],"wp:attachment":[{"href":"https:\/\/www.fuldaernachrichten.de\/index.php?rest_route=%2Fwp%2Fv2%2Fmedia&parent=134531"}],"wp:term":[{"taxonomy":"category","embeddable":true,"href":"https:\/\/www.fuldaernachrichten.de\/index.php?rest_route=%2Fwp%2Fv2%2Fcategories&post=134531"},{"taxonomy":"post_tag","embeddable":true,"href":"https:\/\/www.fuldaernachrichten.de\/index.php?rest_route=%2Fwp%2Fv2%2Ftags&post=134531"}],"curies":[{"name":"wp","href":"https:\/\/api.w.org\/{rel}","templated":true}]}}