{"id":134498,"date":"2015-01-30T18:54:29","date_gmt":"2015-01-30T17:54:29","guid":{"rendered":"http:\/\/www.fuldaer-nachrichten.de\/?p=134498"},"modified":"2015-01-30T18:54:29","modified_gmt":"2015-01-30T17:54:29","slug":"hessens-bester-kappen-klub-der-grosse-wettstreit-der-fastnachtsvereine","status":"publish","type":"post","link":"https:\/\/www.fuldaernachrichten.de\/?p=134498","title":{"rendered":"Hessens bester Kappen-Klub &#8211; Der gro\u00dfe Wettstreit der Fastnachtsvereine"},"content":{"rendered":"<p>Neue Fastnachts-Sendung im hr-fernsehen: In der Show \u201eHessens bester Kappen-Klub \u2013 Der gro\u00dfe Wettstreit der Fastnachtsvereine\u201c treten f\u00fcnf hessische Vereine gegeneinander an und konkurrieren um den Titel. Jeder Verein hat jeweils zwanzig Minuten Zeit, um eine kompakte und komplette Kappensitzung zu pr\u00e4sentieren &#8211; mit Sitzungspr\u00e4sident, B\u00fcttenrede, Tanz und Gesang. Am Ende entscheiden die Vereine und eine prominente Jury, wer zu Hessens bestem Kappen-Klub 2015 gek\u00fcrt wird. Die Sendung wird am Sonntag, 8. Februar, um 19 Uhr in der Kulturhalle in R\u00f6dermark aufgezeichnet.<\/p>\n<p>Die Jury von \u201eHessens bester Kappen-Klub \u2013 Der gro\u00dfe Wettstreit der Fastnachtsvereine\u201c ist prominent besetzt: Kult-Comedian Johannes Scherer, die \u00f6sterreichische S\u00e4ngerin Antonia aus Tirol und der Star-Choreograf Markus Sch\u00f6ffl beurteilen die Auftritte der Vereine. Das hr-fernsehen strahlt die Sendung am Samstag, 14. Februar, um 20.15 Uhr aus. Es moderieren Simone Kienast und Jens K\u00f6lker. Weitere Informationen zu den Fastnacht-Sendungen des Hessischen Rundfunks gibt es unter www.fastnacht.hr.de.<\/p>\n<p><strong>Um den Titel k\u00e4mpfen folgende f\u00fcnf Vereine:<\/strong><\/p>\n<ul>\n<li>Karneval Klub Disharmonie 1989 Heusenstamm<\/li>\n<li>Katholische Karnevalisten M\u00fchlheim<\/li>\n<li>Niederkalbacher Carneval Verein<\/li>\n<li>Turngemeinde 08 Ober-Roden<\/li>\n<li>Carneval Club Mainperle Okriftel 1969<\/li>\n<\/ul>\n<p>\u201eHessens bester Kappen-Klub\u201c<br \/>\nAufzeichnungsort: Kulturhalle R\u00f6dermark, Dieburger Stra\u00dfe 27, 63322 R\u00f6dermark<br \/>\nProben: 7. Februar von 12 Uhr bis 21 Uhr und 8. Februar von 14 Uhr bis 17.30 Uhr<br \/>\nAufzeichnung: am 8. Februar um 19 Uhr (Einlass ab 18 Uhr)<br \/>\nKarten: ab 13 Euro im Vorverkauf im Kulturb\u00fcro R\u00f6dermark, Dieburger Stra\u00dfe 27, 63322 R\u00f6dermark \u2013 Ober-Roden, Tel.: 06074\/911 655 und 653, www.kulturhalle-roedermark.de<br \/>\nOutfit: Kost\u00fcmierung ausdr\u00fccklich erw\u00fcnscht!<\/p>\n","protected":false},"excerpt":{"rendered":"<div class=\"tmnf_excerpt\"><p>Neue Fastnachts-Sendung im hr-fernsehen: In der Show \u201eHessens bester Kappen-Klub \u2013 Der gro\u00dfe Wettstreit der Fastnachtsvereine\u201c treten f\u00fcnf hessische Vereine gegeneinander an und konkurrieren um den Titel. Jeder Verein hat jeweils zwanzig Minuten Zeit, um eine kompakte und komplette Kappensitzung zu pr\u00e4sentieren &#8211; mit Sitzungspr\u00e4sident, B\u00fcttenrede, Tanz und Gesang. Am Ende entscheiden die Vereine und &hellip;<\/p>\n<\/div>","protected":false},"author":1,"featured_media":134499,"comment_status":"closed","ping_status":"closed","sticky":false,"template":"","format":"standard","meta":{"footnotes":""},"categories":[1,44],"tags":[],"class_list":["post-134498","post","type-post","status-publish","format-standard","has-post-thumbnail","hentry","category-startseite","category-kultur"],"_links":{"self":[{"href":"https:\/\/www.fuldaernachrichten.de\/index.php?rest_route=\/wp\/v2\/posts\/134498","targetHints":{"allow":["GET"]}}],"collection":[{"href":"https:\/\/www.fuldaernachrichten.de\/index.php?rest_route=\/wp\/v2\/posts"}],"about":[{"href":"https:\/\/www.fuldaernachrichten.de\/index.php?rest_route=\/wp\/v2\/types\/post"}],"author":[{"embeddable":true,"href":"https:\/\/www.fuldaernachrichten.de\/index.php?rest_route=\/wp\/v2\/users\/1"}],"replies":[{"embeddable":true,"href":"https:\/\/www.fuldaernachrichten.de\/index.php?rest_route=%2Fwp%2Fv2%2Fcomments&post=134498"}],"version-history":[{"count":1,"href":"https:\/\/www.fuldaernachrichten.de\/index.php?rest_route=\/wp\/v2\/posts\/134498\/revisions"}],"predecessor-version":[{"id":134500,"href":"https:\/\/www.fuldaernachrichten.de\/index.php?rest_route=\/wp\/v2\/posts\/134498\/revisions\/134500"}],"wp:featuredmedia":[{"embeddable":true,"href":"https:\/\/www.fuldaernachrichten.de\/index.php?rest_route=\/wp\/v2\/media\/134499"}],"wp:attachment":[{"href":"https:\/\/www.fuldaernachrichten.de\/index.php?rest_route=%2Fwp%2Fv2%2Fmedia&parent=134498"}],"wp:term":[{"taxonomy":"category","embeddable":true,"href":"https:\/\/www.fuldaernachrichten.de\/index.php?rest_route=%2Fwp%2Fv2%2Fcategories&post=134498"},{"taxonomy":"post_tag","embeddable":true,"href":"https:\/\/www.fuldaernachrichten.de\/index.php?rest_route=%2Fwp%2Fv2%2Ftags&post=134498"}],"curies":[{"name":"wp","href":"https:\/\/api.w.org\/{rel}","templated":true}]}}