{"id":134461,"date":"2015-01-30T09:37:52","date_gmt":"2015-01-30T08:37:52","guid":{"rendered":"http:\/\/www.fuldaer-nachrichten.de\/?p=134461"},"modified":"2015-01-30T09:40:07","modified_gmt":"2015-01-30T08:40:07","slug":"kreissynode-tagt-in-grossenlueder","status":"publish","type":"post","link":"https:\/\/www.fuldaernachrichten.de\/?p=134461","title":{"rendered":"Kreissynode tagt in Gro\u00dfenl\u00fcder"},"content":{"rendered":"<p>Am 7. Februar 2015 treffen sich die \u00fcber 100 Delegierten des Kirchenkreises Fulda ab 8.30 Uhr zur \u00f6ffentlichen Kreissynode im L\u00fcderhaus in Gro\u00dfenl\u00fcder. Thematisch erwartet die Synodalen neben Themen wie Kirchenmusik und Jugendarbeit ein Bericht \u00fcber die Fl\u00fcchtlingsarbeit im Landkreis Fulda von Pfarrer Matti Fischer, sowie die Vorstellung der \u201eKirchlichen Allgemeinen Sozial und Lebensberatung (KASL)\u201c der Diakonie durch Dipl.-Sozialp\u00e4dagogen Rainer Hoffmann. Hier gibts den <a href=\"http:\/\/www.fuldaer-nachrichten.de\/wp-content\/uploads\/2015\/01\/Einladung-Kreissynode-7-2-2015.pdf\">Ablaufplan<\/a><\/p>\n","protected":false},"excerpt":{"rendered":"<div class=\"tmnf_excerpt\"><p>Am 7. Februar 2015 treffen sich die \u00fcber 100 Delegierten des Kirchenkreises Fulda ab 8.30 Uhr zur \u00f6ffentlichen Kreissynode im L\u00fcderhaus in Gro\u00dfenl\u00fcder. Thematisch erwartet die Synodalen neben Themen wie Kirchenmusik und Jugendarbeit ein Bericht \u00fcber die Fl\u00fcchtlingsarbeit im Landkreis Fulda von Pfarrer Matti Fischer, sowie die Vorstellung der \u201eKirchlichen Allgemeinen Sozial und Lebensberatung (KASL)\u201c &hellip;<\/p>\n<\/div>","protected":false},"author":1,"featured_media":0,"comment_status":"closed","ping_status":"closed","sticky":false,"template":"","format":"standard","meta":{"footnotes":""},"categories":[1,50],"tags":[],"class_list":["post-134461","post","type-post","status-publish","format-standard","hentry","category-startseite","category-kirche"],"_links":{"self":[{"href":"https:\/\/www.fuldaernachrichten.de\/index.php?rest_route=\/wp\/v2\/posts\/134461","targetHints":{"allow":["GET"]}}],"collection":[{"href":"https:\/\/www.fuldaernachrichten.de\/index.php?rest_route=\/wp\/v2\/posts"}],"about":[{"href":"https:\/\/www.fuldaernachrichten.de\/index.php?rest_route=\/wp\/v2\/types\/post"}],"author":[{"embeddable":true,"href":"https:\/\/www.fuldaernachrichten.de\/index.php?rest_route=\/wp\/v2\/users\/1"}],"replies":[{"embeddable":true,"href":"https:\/\/www.fuldaernachrichten.de\/index.php?rest_route=%2Fwp%2Fv2%2Fcomments&post=134461"}],"version-history":[{"count":3,"href":"https:\/\/www.fuldaernachrichten.de\/index.php?rest_route=\/wp\/v2\/posts\/134461\/revisions"}],"predecessor-version":[{"id":134465,"href":"https:\/\/www.fuldaernachrichten.de\/index.php?rest_route=\/wp\/v2\/posts\/134461\/revisions\/134465"}],"wp:attachment":[{"href":"https:\/\/www.fuldaernachrichten.de\/index.php?rest_route=%2Fwp%2Fv2%2Fmedia&parent=134461"}],"wp:term":[{"taxonomy":"category","embeddable":true,"href":"https:\/\/www.fuldaernachrichten.de\/index.php?rest_route=%2Fwp%2Fv2%2Fcategories&post=134461"},{"taxonomy":"post_tag","embeddable":true,"href":"https:\/\/www.fuldaernachrichten.de\/index.php?rest_route=%2Fwp%2Fv2%2Ftags&post=134461"}],"curies":[{"name":"wp","href":"https:\/\/api.w.org\/{rel}","templated":true}]}}