{"id":134444,"date":"2015-01-29T16:46:28","date_gmt":"2015-01-29T15:46:28","guid":{"rendered":"http:\/\/www.fuldaer-nachrichten.de\/?p=134444"},"modified":"2015-01-29T16:46:28","modified_gmt":"2015-01-29T15:46:28","slug":"domplatzkonzerte-wieder-jeden-sommer","status":"publish","type":"post","link":"https:\/\/www.fuldaernachrichten.de\/?p=134444","title":{"rendered":"Domplatzkonzerte wieder jeden Sommer?"},"content":{"rendered":"<p>Fulda. Ralf Zwengel, Fuldas GR\u00dcNER OB-Kandidat erinnert daran, dass \u201ees keine neue Forderung ist, den Domplatz j\u00e4hrlich als Konzertarena zu nutzen. Bis vor wenigen Jahren wurde diese Reihe erfolgreich jeden Sommer ausgerichtet. Die Entscheidung, auf einen zwei-Jahres-Rhythmus umzustellen, wurde von den GR\u00dcNEN kritisiert. Auch in unserem Kommunalwahlprogramm wurde das aufgegriffen: \u00e2\u20ac\u0161Die Domplatzkonzerte sollten als \u00fcberregional bedeutsames Event f\u00fcr Kultur und Tourismus nach wie vor jedes Jahr stattfinden.\u00e2\u20ac\u02dc 1996 wurde die Open-Air-Konzertreihe von Dr. Wolfgang Hamberger unter dem Titel \u201eWeltstars auf dem Domplatz\u201c initiiert.<\/p>\n<p>\u201eUnsere entsprechenden Antr\u00e4ge werden regelm\u00e4\u00dfig von der CDU abgelehnt, so auch im November 2014. Daher begr\u00fc\u00dfen wir, nun auch aus diesen Reihen eine Stimme zu vernehmen, die unsere Position teilt\u201c, betont Ralf Zwengel.<\/p>\n<p>\u201eDiese Konzerte nur noch alle zwei Jahre zu veranstalten, ist sachlich unbegr\u00fcndet und nicht nachvollziehbar. Mittlerweile sind die Veranstaltungen auf dem Domplatz zu einem bundesweit bekannten Event geworden, von dem das Fuldaer Kulturleben und das Tourismusgewerbe partizipieren.<\/p>\n<p>Im Jahr 2013 wurde statt des Domplatzes erstmals der Universit\u00e4tsplatz zur Konzertarena. Auch erfolgreich, doch ohne das Ambiente unseres Domplatzes. Zudem wurde der Universit\u00e4tsplatz \u2013 auch f\u00fcr diesen Sommer ist das geplant &#8211; sechs Tage lang seiner Funktionen beraubt und fast das komplette Wochenende hindurch war die wichtigste fu\u00dfl\u00e4ufige Verbindung zwischen Unterstadt und Bahnhof gekappt. Auch belastet dieser Konzertstandort AnwohnerInnen und Gesch\u00e4ftsleute, unser Museum war kaum noch zu finden. Diese Nachteile hat die Location Domplatz nicht.<\/p>\n","protected":false},"excerpt":{"rendered":"<div class=\"tmnf_excerpt\"><p>Fulda. Ralf Zwengel, Fuldas GR\u00dcNER OB-Kandidat erinnert daran, dass \u201ees keine neue Forderung ist, den Domplatz j\u00e4hrlich als Konzertarena zu nutzen. Bis vor wenigen Jahren wurde diese Reihe erfolgreich jeden Sommer ausgerichtet. Die Entscheidung, auf einen zwei-Jahres-Rhythmus umzustellen, wurde von den GR\u00dcNEN kritisiert. Auch in unserem Kommunalwahlprogramm wurde das aufgegriffen: \u00e2\u20ac\u0161Die Domplatzkonzerte sollten als \u00fcberregional &hellip;<\/p>\n<\/div>","protected":false},"author":1,"featured_media":0,"comment_status":"closed","ping_status":"closed","sticky":false,"template":"","format":"standard","meta":{"footnotes":""},"categories":[1,44,29],"tags":[],"class_list":["post-134444","post","type-post","status-publish","format-standard","hentry","category-startseite","category-kultur","category-politik"],"_links":{"self":[{"href":"https:\/\/www.fuldaernachrichten.de\/index.php?rest_route=\/wp\/v2\/posts\/134444","targetHints":{"allow":["GET"]}}],"collection":[{"href":"https:\/\/www.fuldaernachrichten.de\/index.php?rest_route=\/wp\/v2\/posts"}],"about":[{"href":"https:\/\/www.fuldaernachrichten.de\/index.php?rest_route=\/wp\/v2\/types\/post"}],"author":[{"embeddable":true,"href":"https:\/\/www.fuldaernachrichten.de\/index.php?rest_route=\/wp\/v2\/users\/1"}],"replies":[{"embeddable":true,"href":"https:\/\/www.fuldaernachrichten.de\/index.php?rest_route=%2Fwp%2Fv2%2Fcomments&post=134444"}],"version-history":[{"count":1,"href":"https:\/\/www.fuldaernachrichten.de\/index.php?rest_route=\/wp\/v2\/posts\/134444\/revisions"}],"predecessor-version":[{"id":134445,"href":"https:\/\/www.fuldaernachrichten.de\/index.php?rest_route=\/wp\/v2\/posts\/134444\/revisions\/134445"}],"wp:attachment":[{"href":"https:\/\/www.fuldaernachrichten.de\/index.php?rest_route=%2Fwp%2Fv2%2Fmedia&parent=134444"}],"wp:term":[{"taxonomy":"category","embeddable":true,"href":"https:\/\/www.fuldaernachrichten.de\/index.php?rest_route=%2Fwp%2Fv2%2Fcategories&post=134444"},{"taxonomy":"post_tag","embeddable":true,"href":"https:\/\/www.fuldaernachrichten.de\/index.php?rest_route=%2Fwp%2Fv2%2Ftags&post=134444"}],"curies":[{"name":"wp","href":"https:\/\/api.w.org\/{rel}","templated":true}]}}