{"id":134431,"date":"2015-01-29T16:40:16","date_gmt":"2015-01-29T15:40:16","guid":{"rendered":"http:\/\/www.fuldaer-nachrichten.de\/?p=134431"},"modified":"2015-01-29T16:40:16","modified_gmt":"2015-01-29T15:40:16","slug":"wiedervereinigung-ist-wichtiges-thema-der-rhoen-fuer-2015","status":"publish","type":"post","link":"https:\/\/www.fuldaernachrichten.de\/?p=134431","title":{"rendered":"Wiedervereinigung ist wichtiges Thema der Rh\u00f6n f\u00fcr 2015"},"content":{"rendered":"<p>Das Team der Rh\u00f6n Marketing lud Vertreter der Presse zur Vorstellung der aktuellen Kataloge der Urlaubsregion am Dienstag, den 27. Januar 2015, in das Bruder-Franz-Haus auf dem Kreuzberg ein. In den Katalogen wird den Touristen das umfassende Angebot in der Rh\u00f6n vorgestellt. Das gro\u00dfe Interesse an der Rh\u00f6n l\u00e4sst sich an der hohen Abfrage von Infomaterial feststellen. J\u00e4hrlich werden ca. 300.000 Kataloge und Flyer gedruckt und an Interessenten verteilt.<\/p>\n<p>Mit den Anbietern und Kommunen der Rh\u00f6n ist es der Rh\u00f6n Marketing gelungen ein vielseitiges Angebot zusammenzustellen und f\u00fcr die Touristen der Rh\u00f6n zur Verf\u00fcgung zu stellen. In den aktuellen Jahreskatalogen der Rh\u00f6n werden \u00dcbernachtungsangebote sowie Wanderpauschalen und Campingpl\u00e4tze der Rh\u00f6n den Interessenten vorgestellt.<\/p>\n<p>Deutschlandweit und nat\u00fcrlich auch in der Rh\u00f6n ist die Zeit der Deutsch-Deutschen Teilung, aber vielmehr der Wiedervereinigung, f\u00fcr 2015 ein wichtiges Thema. Der 25. Jahrestag des Mauerfalls und der Wiedervereinigung sowie das gro\u00dfe Interesse der Touristen an der Grenzgeschichte der Rh\u00f6n f\u00fchrten zu der Gestaltung des Flyers: \u201eDie Rh\u00f6n grenzenlos erleben\u201c. In diesem werden den G\u00e4sten des Lands der offenen Fernen der ehemalige Grenzverlauf sowie Museen, die diese Thematik aufgegriffen haben, vorgestellt. Ganz neu in diesem Jahr ist die Wanderpauschale<\/p>\n<p>Aber nicht nur die Printmedien der Rh\u00f6n Marketing wurden zu Jahresbeginn \u00fcberarbeitet. Auch der Internetseite www.rhoen.de wurde ein moderneres Gesicht gegeben. Jetzt ist es auch f\u00fcr Tablet- und Smartphone-Nutzer m\u00f6glich die Homepage der Rh\u00f6n zu nutzen. Mit der neuen Funktion \u201eDie Rh\u00f6n in Bildern\u201c k\u00f6nnen nun au\u00dferdem zahlreiche Bilderstrecken \u00fcber das Land der offenen Fernen eingesehen werden, welche einen ersten Eindruck der Rh\u00f6n als Urlaubsregion geben.<\/p>\n","protected":false},"excerpt":{"rendered":"<div class=\"tmnf_excerpt\"><p>Das Team der Rh\u00f6n Marketing lud Vertreter der Presse zur Vorstellung der aktuellen Kataloge der Urlaubsregion am Dienstag, den 27. Januar 2015, in das Bruder-Franz-Haus auf dem Kreuzberg ein. In den Katalogen wird den Touristen das umfassende Angebot in der Rh\u00f6n vorgestellt. Das gro\u00dfe Interesse an der Rh\u00f6n l\u00e4sst sich an der hohen Abfrage von &hellip;<\/p>\n<\/div>","protected":false},"author":1,"featured_media":0,"comment_status":"closed","ping_status":"closed","sticky":false,"template":"","format":"standard","meta":{"footnotes":""},"categories":[1,52],"tags":[],"class_list":["post-134431","post","type-post","status-publish","format-standard","hentry","category-startseite","category-umwelt"],"_links":{"self":[{"href":"https:\/\/www.fuldaernachrichten.de\/index.php?rest_route=\/wp\/v2\/posts\/134431","targetHints":{"allow":["GET"]}}],"collection":[{"href":"https:\/\/www.fuldaernachrichten.de\/index.php?rest_route=\/wp\/v2\/posts"}],"about":[{"href":"https:\/\/www.fuldaernachrichten.de\/index.php?rest_route=\/wp\/v2\/types\/post"}],"author":[{"embeddable":true,"href":"https:\/\/www.fuldaernachrichten.de\/index.php?rest_route=\/wp\/v2\/users\/1"}],"replies":[{"embeddable":true,"href":"https:\/\/www.fuldaernachrichten.de\/index.php?rest_route=%2Fwp%2Fv2%2Fcomments&post=134431"}],"version-history":[{"count":1,"href":"https:\/\/www.fuldaernachrichten.de\/index.php?rest_route=\/wp\/v2\/posts\/134431\/revisions"}],"predecessor-version":[{"id":134432,"href":"https:\/\/www.fuldaernachrichten.de\/index.php?rest_route=\/wp\/v2\/posts\/134431\/revisions\/134432"}],"wp:attachment":[{"href":"https:\/\/www.fuldaernachrichten.de\/index.php?rest_route=%2Fwp%2Fv2%2Fmedia&parent=134431"}],"wp:term":[{"taxonomy":"category","embeddable":true,"href":"https:\/\/www.fuldaernachrichten.de\/index.php?rest_route=%2Fwp%2Fv2%2Fcategories&post=134431"},{"taxonomy":"post_tag","embeddable":true,"href":"https:\/\/www.fuldaernachrichten.de\/index.php?rest_route=%2Fwp%2Fv2%2Ftags&post=134431"}],"curies":[{"name":"wp","href":"https:\/\/api.w.org\/{rel}","templated":true}]}}