{"id":134409,"date":"2015-01-29T10:14:31","date_gmt":"2015-01-29T09:14:31","guid":{"rendered":"http:\/\/www.fuldaer-nachrichten.de\/?p=134409"},"modified":"2015-01-29T10:14:31","modified_gmt":"2015-01-29T09:14:31","slug":"fastnacht-aus-nordhessen","status":"publish","type":"post","link":"https:\/\/www.fuldaernachrichten.de\/?p=134409","title":{"rendered":"Fastnacht aus Nordhessen"},"content":{"rendered":"<p>Die traditionelle ost- und nordhessische Fastnacht pr\u00e4sentiert auch dieses Jahr wieder ein n\u00e4rrisches Feuerwerk der guten Laune und des hintergr\u00fcndigen hessischen Humors. Beliebte und bekannte Narren und N\u00e4rrinnen treten in die B\u00fctt und erzeugen in der Baunataler Stadthalle Lachsalven, dass die W\u00e4nde wackeln und die Bauchmuskeln schmerzen.<\/p>\n<p>Aus Osthessen mit dabei sind zahlreiche Tollit\u00e4ten und Vereine aus Haimbach, Bachrain, Hilders-Eckweisbach, Eiterfeld und Harmerz. Erstklassige Show- und Gardet\u00e4nze sind in dem hochklassigen Programm zu sehen. Neben den vielen hessischen und deutschen Meistern beeindruckte auch die Garde des TV 1903 Sterbfritz mit dem &#8220;Gardetanz der K\u00f6nigsgarde&#8221;.<\/p>\n<p>Der singende Pizzab\u00e4cker Fabio Gandolfo aus Dipperz singt seinen neuesten Hit &#8220;La Bomba&#8221; und das Duo Doppelpack (Markus und Thomas Hosenfeld aus Langenbieber) sorgt f\u00fcr Lachsalven mit der Pantomime &#8220;Die Maler&#8221;. Bereits zum 6. Mal in Folge sind sie dabei und geh\u00f6ren damit auch zur Stammbesetzung der Fernsehfastnacht im hr. Gemeint sind die &#8220;Die Rh\u00f6ner Originale&#8221; alias Elvira Kl\u00fcber und Klaus-Dieter Eckstein aus Hofbieber. In diesem Jahr \u00e4rgern sie sich gegenseitig als volkst\u00fcmliches Duo und bieten damit den Zuschauern, gemeinsam mit ihren neuen \u201eDirndl-Gogos\u201c viele Gr\u00fcnde herzhaft zu lachen. Die musikalische \u00dcberraschung hierbei wird aber an dieser Stelle noch nicht verraten. Dazu muss man schon einschalten.<\/p>\n<p>Wiederholungen gibt es \u00fcbrigens am Mittwoch, den 11.2.15 um 22:45 Uhr und am Montag, den 16.2.15 um 24:00 Uhr. <em>Bild: hinten von links Markus Hosenfeld, Klaus-Dieter Eckstein, Elvira Kl\u00fcber und Thomas Hosenfeld sowie vorne die \u201eDirndl-Gogos\u201c Janine, Vanessa und Julia.<\/em><\/p>\n","protected":false},"excerpt":{"rendered":"<div class=\"tmnf_excerpt\"><p>Die traditionelle ost- und nordhessische Fastnacht pr\u00e4sentiert auch dieses Jahr wieder ein n\u00e4rrisches Feuerwerk der guten Laune und des hintergr\u00fcndigen hessischen Humors. Beliebte und bekannte Narren und N\u00e4rrinnen treten in die B\u00fctt und erzeugen in der Baunataler Stadthalle Lachsalven, dass die W\u00e4nde wackeln und die Bauchmuskeln schmerzen. Aus Osthessen mit dabei sind zahlreiche Tollit\u00e4ten und &hellip;<\/p>\n<\/div>","protected":false},"author":1,"featured_media":134410,"comment_status":"closed","ping_status":"closed","sticky":false,"template":"","format":"standard","meta":{"footnotes":""},"categories":[1,44],"tags":[],"class_list":["post-134409","post","type-post","status-publish","format-standard","has-post-thumbnail","hentry","category-startseite","category-kultur"],"_links":{"self":[{"href":"https:\/\/www.fuldaernachrichten.de\/index.php?rest_route=\/wp\/v2\/posts\/134409","targetHints":{"allow":["GET"]}}],"collection":[{"href":"https:\/\/www.fuldaernachrichten.de\/index.php?rest_route=\/wp\/v2\/posts"}],"about":[{"href":"https:\/\/www.fuldaernachrichten.de\/index.php?rest_route=\/wp\/v2\/types\/post"}],"author":[{"embeddable":true,"href":"https:\/\/www.fuldaernachrichten.de\/index.php?rest_route=\/wp\/v2\/users\/1"}],"replies":[{"embeddable":true,"href":"https:\/\/www.fuldaernachrichten.de\/index.php?rest_route=%2Fwp%2Fv2%2Fcomments&post=134409"}],"version-history":[{"count":1,"href":"https:\/\/www.fuldaernachrichten.de\/index.php?rest_route=\/wp\/v2\/posts\/134409\/revisions"}],"predecessor-version":[{"id":134411,"href":"https:\/\/www.fuldaernachrichten.de\/index.php?rest_route=\/wp\/v2\/posts\/134409\/revisions\/134411"}],"wp:featuredmedia":[{"embeddable":true,"href":"https:\/\/www.fuldaernachrichten.de\/index.php?rest_route=\/wp\/v2\/media\/134410"}],"wp:attachment":[{"href":"https:\/\/www.fuldaernachrichten.de\/index.php?rest_route=%2Fwp%2Fv2%2Fmedia&parent=134409"}],"wp:term":[{"taxonomy":"category","embeddable":true,"href":"https:\/\/www.fuldaernachrichten.de\/index.php?rest_route=%2Fwp%2Fv2%2Fcategories&post=134409"},{"taxonomy":"post_tag","embeddable":true,"href":"https:\/\/www.fuldaernachrichten.de\/index.php?rest_route=%2Fwp%2Fv2%2Ftags&post=134409"}],"curies":[{"name":"wp","href":"https:\/\/api.w.org\/{rel}","templated":true}]}}