{"id":134366,"date":"2015-01-28T21:15:30","date_gmt":"2015-01-28T20:15:30","guid":{"rendered":"http:\/\/www.fuldaer-nachrichten.de\/?p=134366"},"modified":"2015-01-28T21:15:30","modified_gmt":"2015-01-28T20:15:30","slug":"leihgrosseltern-fuer-region-fulda-suedwest","status":"publish","type":"post","link":"https:\/\/www.fuldaernachrichten.de\/?p=134366","title":{"rendered":"\u201eLeihgro\u00dfeltern\u201c f\u00fcr Region Fulda S\u00fcdwest"},"content":{"rendered":"<p>Auch im Landkreis Fulda leben verschiedene Generationen einer Familie oft nicht mehr am selben Ort. Jungen Familien und Alleinerziehenden fehlt somit die Unterst\u00fctzung im Alltag durch Gro\u00dfeltern. Deshalb wurde das Projekt \u201eLeihgro\u00dfeltern\u201c ins Leben gerufen und in Gersfeld sowie H\u00fcnfeld bereits erfolgreich umgesetzt.<\/p>\n<p>Gemeinsam m\u00f6chten der Treffpunkt Aktiv des Landkreises Fulda und der DRK-Kreisverband Fulda dieses generations\u00fcbergreifende Angebot auch in den Gemeinden der Region Fulda S\u00fcdwest (Eichenzell, Neuhof, Flieden, Kalbach, Gro\u00dfenl\u00fcder, Bad Salzschlirf und Hosenfeld) anbieten. Wer der Generation 50+ angeh\u00f6rt und einen Teil seiner Freizeit mit Kindern verbringen m\u00f6chte, ist herzlich zu einer Informationsveranstaltung \u00fcber das Projekt \u201eLeihgro\u00dfeltern\u201c am Donnerstag, 5. Februar, um 16.00 Uhr im DRK-Seniorenzentrum am Roten Rain, Rh\u00f6nbergstr. 60, in Petersberg eingeladen. Um Anmeldung unter Telefon (0661)6006-478 oder E-Mail treffpunkt-aktiv@landkreis-fulda.de wird gebeten.<\/p>\n","protected":false},"excerpt":{"rendered":"<div class=\"tmnf_excerpt\"><p>Auch im Landkreis Fulda leben verschiedene Generationen einer Familie oft nicht mehr am selben Ort. Jungen Familien und Alleinerziehenden fehlt somit die Unterst\u00fctzung im Alltag durch Gro\u00dfeltern. Deshalb wurde das Projekt \u201eLeihgro\u00dfeltern\u201c ins Leben gerufen und in Gersfeld sowie H\u00fcnfeld bereits erfolgreich umgesetzt. Gemeinsam m\u00f6chten der Treffpunkt Aktiv des Landkreises Fulda und der DRK-Kreisverband Fulda &hellip;<\/p>\n<\/div>","protected":false},"author":1,"featured_media":0,"comment_status":"closed","ping_status":"closed","sticky":false,"template":"","format":"standard","meta":{"footnotes":""},"categories":[1,72,29],"tags":[],"class_list":["post-134366","post","type-post","status-publish","format-standard","hentry","category-startseite","category-jugend","category-politik"],"_links":{"self":[{"href":"https:\/\/www.fuldaernachrichten.de\/index.php?rest_route=\/wp\/v2\/posts\/134366","targetHints":{"allow":["GET"]}}],"collection":[{"href":"https:\/\/www.fuldaernachrichten.de\/index.php?rest_route=\/wp\/v2\/posts"}],"about":[{"href":"https:\/\/www.fuldaernachrichten.de\/index.php?rest_route=\/wp\/v2\/types\/post"}],"author":[{"embeddable":true,"href":"https:\/\/www.fuldaernachrichten.de\/index.php?rest_route=\/wp\/v2\/users\/1"}],"replies":[{"embeddable":true,"href":"https:\/\/www.fuldaernachrichten.de\/index.php?rest_route=%2Fwp%2Fv2%2Fcomments&post=134366"}],"version-history":[{"count":1,"href":"https:\/\/www.fuldaernachrichten.de\/index.php?rest_route=\/wp\/v2\/posts\/134366\/revisions"}],"predecessor-version":[{"id":134367,"href":"https:\/\/www.fuldaernachrichten.de\/index.php?rest_route=\/wp\/v2\/posts\/134366\/revisions\/134367"}],"wp:attachment":[{"href":"https:\/\/www.fuldaernachrichten.de\/index.php?rest_route=%2Fwp%2Fv2%2Fmedia&parent=134366"}],"wp:term":[{"taxonomy":"category","embeddable":true,"href":"https:\/\/www.fuldaernachrichten.de\/index.php?rest_route=%2Fwp%2Fv2%2Fcategories&post=134366"},{"taxonomy":"post_tag","embeddable":true,"href":"https:\/\/www.fuldaernachrichten.de\/index.php?rest_route=%2Fwp%2Fv2%2Ftags&post=134366"}],"curies":[{"name":"wp","href":"https:\/\/api.w.org\/{rel}","templated":true}]}}