{"id":134362,"date":"2015-01-28T21:13:50","date_gmt":"2015-01-28T20:13:50","guid":{"rendered":"http:\/\/www.fuldaer-nachrichten.de\/?p=134362"},"modified":"2015-01-28T21:13:50","modified_gmt":"2015-01-28T20:13:50","slug":"mdb-brand-bund-staerkt-massnahmen-fuer-schulabschluss-und-berufseinstieg","status":"publish","type":"post","link":"https:\/\/www.fuldaernachrichten.de\/?p=134362","title":{"rendered":"MdB Brand: Bund st\u00e4rkt Ma\u00dfnahmen f\u00fcr Schulabschluss und Berufseinstieg"},"content":{"rendered":"<p>Die \u201eseit 2009 begonnene Unterst\u00fctzung des Bundes beim Berufseinstieg f\u00fcr lernschw\u00e4chere Sch\u00fclerinnen und Sch\u00fcler wird ausgeweitet, und Schulen im Landkreis Fulda und im Vogelsberg profitieren davon\u201c freut sich der heimische Bundestagsabgeordnete Michael Brand \u00fcber die Zusammenf\u00fchrung von F\u00f6rdermitteln der Bundesministerien f\u00fcr Bildung, Arbeit und der Bundesagentur f\u00fcr Arbeit zusammen mit Mittel des Europ\u00e4ischen Sozialfonds ESF.<\/p>\n<p>\u201eWas wir 2009 als Modell begonnen und 2012 ausgeweitet haben, kommt nun dank einer weiteren St\u00e4rkung der Mittel f\u00fcr Berufseinstiegsbegleiter an insgesamt 2.550 Schulen bis zum Schuljahr 2018\/2019 rund 115.000 Teilnehmerinnen und Teilnehmern zugute, denen dadurch der wichtige erste Schritt eines Schulabschlusses und des Berufseinstiegs erm\u00f6glicht wird\u201c, beschreibt Brand das Programm. Insgesamt wird f\u00fcr diese Initiative in den Jahren 2014-2020 bis zu 1 Milliarde Euro von der EU, dem Bund und der Bundesagentur f\u00fcr Arbeit zur Verf\u00fcgung gestellt. Mit 530 Millionen kommt der gr\u00f6\u00dfte Anteil aus dem ESF-Programm der Europ\u00e4ischen Union.<\/p>\n<p>Bereits seit Ende 2010 finanziert das Bundesministerium f\u00fcr Bildung im Rahmen seiner \u201eInitiative Bildungsketten\u201c an rund 1.000 Schulen eine Berufseinstiegsbegleitung. Diese Ma\u00dfnahmen werden ab dem Schuljahr 2015\/2016 nun in die neue Initiative f\u00fcr die 2.550 Schulen mit integriert. Laut einer Unterrichtung im Deutschen Bundestag vom Januar 2015 wurden folgende Schulen im Wahlkreis f\u00fcr das Programm ausgew\u00e4hlt:<\/p>\n<ul>\n<li>Van-Galen-Schule, Eichenzell<\/li>\n<li>Domschule, Fulda<\/li>\n<li>Rh\u00f6nschule, Gersfeld<\/li>\n<li>Christian-Andersen-Schule, H\u00fcnfeld<\/li>\n<li>Geschwister-Scholl-Schule, Fulda<\/li>\n<li>Br\u00fcder-Grimm-Schule, Fulda<\/li>\n<li>Bardoschule, Fulda<\/li>\n<li>Johannes-Kepler-Schule, Neuhof<\/li>\n<li>Oberwaldschule, Grebenhain<\/li>\n<li>Schule an der Wascherde, Lauterbach<\/li>\n<\/ul>\n<p>Die endg\u00fcltige Festlegung der Tr\u00e4ger wird in diesen Tagen vorgenommen, als Start f\u00fcr das Programm ist der 16. M\u00e4rz 2015 vorgesehen.<\/p>\n<p>F\u00fcr den Wahlkreisabgeordneten Michael Brand ist das Programm \u201eeine sehr konkrete Hilfe auch f\u00fcr Jugendliche hier in der Region und zudem ein Beleg daf\u00fcr, wie der Bund inzwischen erhebliche Mittel f\u00fcr Bildung auch im Bereich der schulischen Qualifikation aufbringt\u201c. Urspr\u00fcnglich war geplant, dass die L\u00e4nder einen eigenen Anteil mit in die Finanzierung einbringen, was nun durch die Mittel der EU aufgefangen werden konnte.<\/p>\n<p>Brand bewertet diese \u201egro\u00dfe Zukunftsinvestition in Bildung\u201c als \u201ewichtige vorbeugende Ma\u00dfnahme. Wir nehmen hier bewusst zus\u00e4tzliche Lasten auf, um wichtige Einstiegshilfen gerade f\u00fcr lernschw\u00e4chere Jugendliche zu erm\u00f6glichen\u201c.<\/p>\n","protected":false},"excerpt":{"rendered":"<div class=\"tmnf_excerpt\"><p>Die \u201eseit 2009 begonnene Unterst\u00fctzung des Bundes beim Berufseinstieg f\u00fcr lernschw\u00e4chere Sch\u00fclerinnen und Sch\u00fcler wird ausgeweitet, und Schulen im Landkreis Fulda und im Vogelsberg profitieren davon\u201c freut sich der heimische Bundestagsabgeordnete Michael Brand \u00fcber die Zusammenf\u00fchrung von F\u00f6rdermitteln der Bundesministerien f\u00fcr Bildung, Arbeit und der Bundesagentur f\u00fcr Arbeit zusammen mit Mittel des Europ\u00e4ischen Sozialfonds ESF. &hellip;<\/p>\n<\/div>","protected":false},"author":1,"featured_media":0,"comment_status":"closed","ping_status":"closed","sticky":false,"template":"","format":"standard","meta":{"footnotes":""},"categories":[1,53,29],"tags":[],"class_list":["post-134362","post","type-post","status-publish","format-standard","hentry","category-startseite","category-bildung","category-politik"],"_links":{"self":[{"href":"https:\/\/www.fuldaernachrichten.de\/index.php?rest_route=\/wp\/v2\/posts\/134362","targetHints":{"allow":["GET"]}}],"collection":[{"href":"https:\/\/www.fuldaernachrichten.de\/index.php?rest_route=\/wp\/v2\/posts"}],"about":[{"href":"https:\/\/www.fuldaernachrichten.de\/index.php?rest_route=\/wp\/v2\/types\/post"}],"author":[{"embeddable":true,"href":"https:\/\/www.fuldaernachrichten.de\/index.php?rest_route=\/wp\/v2\/users\/1"}],"replies":[{"embeddable":true,"href":"https:\/\/www.fuldaernachrichten.de\/index.php?rest_route=%2Fwp%2Fv2%2Fcomments&post=134362"}],"version-history":[{"count":1,"href":"https:\/\/www.fuldaernachrichten.de\/index.php?rest_route=\/wp\/v2\/posts\/134362\/revisions"}],"predecessor-version":[{"id":134363,"href":"https:\/\/www.fuldaernachrichten.de\/index.php?rest_route=\/wp\/v2\/posts\/134362\/revisions\/134363"}],"wp:attachment":[{"href":"https:\/\/www.fuldaernachrichten.de\/index.php?rest_route=%2Fwp%2Fv2%2Fmedia&parent=134362"}],"wp:term":[{"taxonomy":"category","embeddable":true,"href":"https:\/\/www.fuldaernachrichten.de\/index.php?rest_route=%2Fwp%2Fv2%2Fcategories&post=134362"},{"taxonomy":"post_tag","embeddable":true,"href":"https:\/\/www.fuldaernachrichten.de\/index.php?rest_route=%2Fwp%2Fv2%2Ftags&post=134362"}],"curies":[{"name":"wp","href":"https:\/\/api.w.org\/{rel}","templated":true}]}}