{"id":134349,"date":"2015-01-29T01:06:10","date_gmt":"2015-01-29T00:06:10","guid":{"rendered":"http:\/\/www.fuldaer-nachrichten.de\/?p=134349"},"modified":"2015-01-28T21:07:00","modified_gmt":"2015-01-28T20:07:00","slug":"workshop-programm-osterferien-2015-kinder-akademie-fulda","status":"publish","type":"post","link":"https:\/\/www.fuldaernachrichten.de\/?p=134349","title":{"rendered":"Workshop-Programm Osterferien 2015 &#8211; Kinder-Akademie Fulda"},"content":{"rendered":"<p><strong>WS-Nr. 3<\/strong><br \/>\n<strong>HOCH HINAUS!!!<\/strong><br \/>\nVom Bauen und Wohnen im urbanen Raum (4-t\u00e4gig)<br \/>\nEin Workshop f\u00fcr M\u00e4dchen und Jungen von 6 bis 8 Jahren<\/p>\n<p>Wir besch\u00e4ftigen uns mit Bauwerken, in denen Menschen wohnen, leben und arbeiten. Wie f\u00fchlt es sich an, ganz hoch oben in einem Hochhaus zu sein? Wie sieht die Stadt von dort oben aus? Ein Ausflug in die Gro\u00dfstadt Frankfurt\/Main wird uns zu eigenen Bauten inspirieren. Wir setzen die Bau-Entw\u00fcrfe mit verschiedenen gestalterischen Mitteln, mit Farben, Pappe und Ton, als Modell und Zeichnung um.<\/p>\n<p>Leitung: Ursula Dohrmann, Keramikerin, M\u00fcs; NN, KAF<br \/>\nGeb\u00fchr: 84,00 Euro (inkl. Mittagessen)<\/p>\n<p><strong>WS-Nr. 4<\/strong><br \/>\n<strong>SPIEL DER FORMEN<\/strong><br \/>\nVon Kreis, Quadrat und Dreieck &#8211; Faszination Grundform\u00c2\u00a0\u00c2\u00a0 (4-t\u00e4gig)<br \/>\nEin Workshop f\u00fcr M\u00e4dchen und Jungen ab 9 Jahren<\/p>\n<p>Sie sind Ursymbole der Menschheit und werden bei fast allen V\u00f6lkern zu spirituellen Zwecken benutzt. In unserem Alltag sind die Grundformen allgegenw\u00e4rtig und begleiten uns durch unser ganzes Leben. Als gestalterische Elemente haben sie eine enorme Bedeutung und bieten uns schier unendliche M\u00f6glichkeiten, mit ihnen kreativ zu sein. Gemeinsam wollen wir mit verschiedenen Materialien und Techniken, Kreis, Quadrat und Dreieck neu entdecken.<\/p>\n<p>Leitung: Joachim Hofmann, Tischler, angehender Gestalter im Handwerk; NN, KAF<br \/>\nGeb\u00fchren: 84,00 Euro (inkl. Mittagessen)<\/p>\n","protected":false},"excerpt":{"rendered":"<div class=\"tmnf_excerpt\"><p>WS-Nr. 3 HOCH HINAUS!!! Vom Bauen und Wohnen im urbanen Raum (4-t\u00e4gig) Ein Workshop f\u00fcr M\u00e4dchen und Jungen von 6 bis 8 Jahren Wir besch\u00e4ftigen uns mit Bauwerken, in denen Menschen wohnen, leben und arbeiten. Wie f\u00fchlt es sich an, ganz hoch oben in einem Hochhaus zu sein? Wie sieht die Stadt von dort oben &hellip;<\/p>\n<\/div>","protected":false},"author":1,"featured_media":0,"comment_status":"closed","ping_status":"closed","sticky":false,"template":"","format":"standard","meta":{"footnotes":""},"categories":[1,53,72],"tags":[],"class_list":["post-134349","post","type-post","status-publish","format-standard","hentry","category-startseite","category-bildung","category-jugend"],"_links":{"self":[{"href":"https:\/\/www.fuldaernachrichten.de\/index.php?rest_route=\/wp\/v2\/posts\/134349","targetHints":{"allow":["GET"]}}],"collection":[{"href":"https:\/\/www.fuldaernachrichten.de\/index.php?rest_route=\/wp\/v2\/posts"}],"about":[{"href":"https:\/\/www.fuldaernachrichten.de\/index.php?rest_route=\/wp\/v2\/types\/post"}],"author":[{"embeddable":true,"href":"https:\/\/www.fuldaernachrichten.de\/index.php?rest_route=\/wp\/v2\/users\/1"}],"replies":[{"embeddable":true,"href":"https:\/\/www.fuldaernachrichten.de\/index.php?rest_route=%2Fwp%2Fv2%2Fcomments&post=134349"}],"version-history":[{"count":1,"href":"https:\/\/www.fuldaernachrichten.de\/index.php?rest_route=\/wp\/v2\/posts\/134349\/revisions"}],"predecessor-version":[{"id":134350,"href":"https:\/\/www.fuldaernachrichten.de\/index.php?rest_route=\/wp\/v2\/posts\/134349\/revisions\/134350"}],"wp:attachment":[{"href":"https:\/\/www.fuldaernachrichten.de\/index.php?rest_route=%2Fwp%2Fv2%2Fmedia&parent=134349"}],"wp:term":[{"taxonomy":"category","embeddable":true,"href":"https:\/\/www.fuldaernachrichten.de\/index.php?rest_route=%2Fwp%2Fv2%2Fcategories&post=134349"},{"taxonomy":"post_tag","embeddable":true,"href":"https:\/\/www.fuldaernachrichten.de\/index.php?rest_route=%2Fwp%2Fv2%2Ftags&post=134349"}],"curies":[{"name":"wp","href":"https:\/\/api.w.org\/{rel}","templated":true}]}}