{"id":134338,"date":"2015-01-28T20:57:46","date_gmt":"2015-01-28T19:57:46","guid":{"rendered":"http:\/\/www.fuldaer-nachrichten.de\/?p=134338"},"modified":"2015-01-28T20:57:46","modified_gmt":"2015-01-28T19:57:46","slug":"das-fuerstliche-gartenfest-der-schoenste-aller-lieblingsplaetze","status":"publish","type":"post","link":"https:\/\/www.fuldaernachrichten.de\/?p=134338","title":{"rendered":"Das F\u00fcrstliche Gartenfest: Der sch\u00f6nste aller Lieblingspl\u00e4tze"},"content":{"rendered":"<div class=\"page\" title=\"Page 1\">\n<div class=\"layoutArea\">\n<div class=\"column\">\n<p>Fulda\/Eichenzell. Augenblicklich erscheint es wieder Mal, als ko\u00cc\u02c6nne sich der Winter nicht zur Wahrnehmung seiner jahreszeitlichen Pflichten entscheiden. Der romantische Winterspaziergang in malerisch verschneiter Landschaft, in der die Sonne Eiskristalle in funkelnde Diamanten verwandelt, ist nicht in Sicht. Und so wandern die Gedanken schon jetzt sehnsu\u00cc\u02c6chtig gen Fru\u00cc\u02c6hling.<\/p>\n<p>Ein Ausblick auf das Fu\u00cc\u02c6rstliche Gartenfest, das auch in diesem Jahr zu Pfingsten (22. bis 25. Mai) auf Hessens scho\u00cc\u02c6nstem Barockschloss, Schloss Fasanerie nahe Fulda, stattfindet, kommt da gerade recht. Zumal es sich neben den Gartenfreuden im Allgemeinen in diesem Jahr einem Sonderthema widmet, das der Fantasie jedes Gartenfreundes Flu\u00cc\u02c6gel verleiht: die \u201eLieblingspla\u00cc\u02c6tze\u201c. Im Rahmen des Schaugartenwettbewerbs, der unter dem gleichen Motto steht, wurde nun der Sieger geku\u00cc\u02c6rt, dessen Entwurf zum Fu\u00cc\u02c6rstlichen Gartenfest umgesetzt wird!<\/p>\n<p>Wohl jeder, der sich auf eine Beziehung zu einem Garten einla\u00cc\u02c6sst, entdeckt darin ein Fleckchen, auf dem er sich besonders wohlfu\u00cc\u02c6hlt. Sei es die Bank unter einem alten Birnenbaum, der Steg im Teich, in dem die Koi wohnen oder am Grill, mit guten Freunden an einem lauen Sommerabend. Jeder hat seine ganz individuelle Idee von der Wohlfu\u00cc\u02c6hloase im eigenen Garten.<\/p>\n<p>So durfte man gespannt sein, wie die Teilnehmer des 8. Schaugartenwettbewerbs den Spagat zwischen eigener Lieblingsplatzidee und Publikumsgeschmack meistern. Anfang Dezember 2014 traf sich eine Fachjury um Floria Landgra\u00cc\u02c6fin von Hessen, um in der Vorauswahl aus 16 eingereichten Entwu\u00cc\u02c6rfen die drei besten Gestaltungsideen eines \u201eLieblingsplatzes\u201c zu benennen. \u201eIm eigenen Nest\u201c, \u201ePhantasia&#8230; wenn Tra\u00cc\u02c6ume fliegen lernen\u201c und \u201eOase\u201c hie\u00dfen die Beitra\u00cc\u02c6ge, aus denen die Abonnenten der Fachzeitschrift Gartenpraxis nun den endgu\u00cc\u02c6ltigen Sieger ku\u00cc\u02c6rten.<\/p>\n<p>Nicht zum ersten Mal haben sich dabei Studenten gegen gestandene Profis durchgesetzt. In diesem Jahr waren dies Jennifer Krauspe und Paul Kuhnert, die gerade den Masterstudiengang im Fachbereich Landschaftsarchitektur an der TU Dresden absolvieren. Mit ihrem Entwurf \u201ePhantasia&#8230; wenn Tra\u00cc\u02c6ume fliegen lernen\u201c konnten sie die Leserjury fu\u00cc\u02c6r sich gewinnen. Wa\u00cc\u02c6hrend die Entwu\u00cc\u02c6rfe \u201eOase\u201c und \u201eIm eigenen Nest\u201c mit jeweils 105 abgegebenen Stimmen gemeinsam auf dem zweiten Platz landeten, setzte sich der siegreiche Entwurf der beiden Dresdner Studenten mit 174 Stimmen deutlich ab. Gelungen ist dies mit einem Ansatz, der zuru\u00cc\u02c6ckgreift auf das, was uns (fast) alle eint:<\/p>\n<\/div>\n<\/div>\n<\/div>\n<div class=\"page\" title=\"Page 2\">\n<div class=\"layoutArea\">\n<div class=\"column\">\n<p>Internationale Verkaufs-Ausstellung fu\u00cc\u02c6r Gartenkultur und La\u00cc\u02c6ndliche Lebensart 22. \u2013 25. Mai 2015 Schloss Fasanerie 18. \u2013 20. Sept 2015 Schloss Wolfsgarten<\/p>\n<p>\u201eFu\u00cc\u02c6r uns war es eine Erinnerung an Kindertage und im Speziellen der Platz neben dem Schaukelstuhl der Oma, wenn sie aus einem Ma\u00cc\u02c6rchenbuch vorlas. Als Kind tra\u00cc\u02c6umt man sich auch gern in Phantasiewelten, diesen Prozess wollten wir gern festhalten\u201c, erla\u00cc\u02c6utern Jennifer Krauspe, der die Liebe zum Garten schon in die Wiege gelegt wurde und Paul Kuhnert, der seit Kindestagen einen Faible fu\u00cc\u02c6r das Architektonische hat.<\/p>\n<p>Anla\u00cc\u02c6sslich des Fu\u00cc\u02c6rstlichen Gartenfestes Schloss Fasanerie wird der Siegergarten im Hofgarten von Schloss Fasanerie Gestalt annehmen. Die Besucher ko\u00cc\u02c6nnen sich hier von \u201ePhantasia\u201c in die Vergangenheit entfu\u00cc\u02c6hren und vielleicht auch fu\u00cc\u02c6r ihren eigenen Lieblingsplatz inspirieren lassen.<\/p>\n<p>Der Siegergarten wird im U\u00cc\u02c6brigen nicht das einzige Anschauungsobjekt auf dem Fu\u00cc\u02c6rstlichen Gartenfest in Sachen Lieblingsplatz sein. Auch aus den Reihen der rund 170 Aussteller sind einige lieblingsplatzwu\u00cc\u02c6rdige Gartenra\u00cc\u02c6ume zu erwarten, die beweisen, welche Mo\u00cc\u02c6glichkeiten das erlesene Sortiment qualita\u00cc\u02c6tsvoller Pflanzen und praktischer Gartenaccessoires bietet. Wer also der Inspiration Taten folgen lassen mo\u00cc\u02c6chte findet hier alles, um aus Pla\u00cc\u02c6tzen Lieblingspla\u00cc\u02c6tze werden zu lassen.<\/p>\n<\/div>\n<\/div>\n<\/div>\n","protected":false},"excerpt":{"rendered":"<div class=\"tmnf_excerpt\"><p>Fulda\/Eichenzell. Augenblicklich erscheint es wieder Mal, als ko\u00cc\u02c6nne sich der Winter nicht zur Wahrnehmung seiner jahreszeitlichen Pflichten entscheiden. Der romantische Winterspaziergang in malerisch verschneiter Landschaft, in der die Sonne Eiskristalle in funkelnde Diamanten verwandelt, ist nicht in Sicht. Und so wandern die Gedanken schon jetzt sehnsu\u00cc\u02c6chtig gen Fru\u00cc\u02c6hling. Ein Ausblick auf das Fu\u00cc\u02c6rstliche Gartenfest, das &hellip;<\/p>\n<\/div>","protected":false},"author":1,"featured_media":134339,"comment_status":"closed","ping_status":"closed","sticky":false,"template":"","format":"standard","meta":{"footnotes":""},"categories":[1,44,52],"tags":[],"class_list":["post-134338","post","type-post","status-publish","format-standard","has-post-thumbnail","hentry","category-startseite","category-kultur","category-umwelt"],"_links":{"self":[{"href":"https:\/\/www.fuldaernachrichten.de\/index.php?rest_route=\/wp\/v2\/posts\/134338","targetHints":{"allow":["GET"]}}],"collection":[{"href":"https:\/\/www.fuldaernachrichten.de\/index.php?rest_route=\/wp\/v2\/posts"}],"about":[{"href":"https:\/\/www.fuldaernachrichten.de\/index.php?rest_route=\/wp\/v2\/types\/post"}],"author":[{"embeddable":true,"href":"https:\/\/www.fuldaernachrichten.de\/index.php?rest_route=\/wp\/v2\/users\/1"}],"replies":[{"embeddable":true,"href":"https:\/\/www.fuldaernachrichten.de\/index.php?rest_route=%2Fwp%2Fv2%2Fcomments&post=134338"}],"version-history":[{"count":1,"href":"https:\/\/www.fuldaernachrichten.de\/index.php?rest_route=\/wp\/v2\/posts\/134338\/revisions"}],"predecessor-version":[{"id":134340,"href":"https:\/\/www.fuldaernachrichten.de\/index.php?rest_route=\/wp\/v2\/posts\/134338\/revisions\/134340"}],"wp:featuredmedia":[{"embeddable":true,"href":"https:\/\/www.fuldaernachrichten.de\/index.php?rest_route=\/wp\/v2\/media\/134339"}],"wp:attachment":[{"href":"https:\/\/www.fuldaernachrichten.de\/index.php?rest_route=%2Fwp%2Fv2%2Fmedia&parent=134338"}],"wp:term":[{"taxonomy":"category","embeddable":true,"href":"https:\/\/www.fuldaernachrichten.de\/index.php?rest_route=%2Fwp%2Fv2%2Fcategories&post=134338"},{"taxonomy":"post_tag","embeddable":true,"href":"https:\/\/www.fuldaernachrichten.de\/index.php?rest_route=%2Fwp%2Fv2%2Ftags&post=134338"}],"curies":[{"name":"wp","href":"https:\/\/api.w.org\/{rel}","templated":true}]}}