{"id":134334,"date":"2015-01-29T01:04:37","date_gmt":"2015-01-29T00:04:37","guid":{"rendered":"http:\/\/www.fuldaer-nachrichten.de\/?p=134334"},"modified":"2015-01-28T20:49:34","modified_gmt":"2015-01-28T19:49:34","slug":"ziel-und-zeitplanung-fuer-frauen-ein-seminarangebot-der-agentur-fuer-arbeit-in-bad-hersfeld","status":"publish","type":"post","link":"https:\/\/www.fuldaernachrichten.de\/?p=134334","title":{"rendered":"Ziel- und Zeitplanung f\u00fcr Frauen &#8211; Ein Seminarangebot der Agentur f\u00fcr Arbeit in Bad Hersfeld"},"content":{"rendered":"<p>Interessierte Frauen haben am 03. Februar in der Agentur f\u00fcr Arbeit in Bad Hersfeld die M\u00f6glichkeit, an einem Workshop zum Thema Ziel- und Zeitplanung teilzunehmen. \u201eZeitplanung ist kein Selbstzweck. Es geht nicht darum, Zeit zu sparen. Zeitplanung hilft vielmehr, die eigenen Ziele im beruflichen, famili\u00e4ren und pers\u00f6nlichen Bereich effektiver und effizienter zu erreichen\u201c, erkl\u00e4rt Nadine Kunze, Beauftragte f\u00fcr Chancengleichheit am Arbeitsmarkt. \u201eDie Kunst der Lebensf\u00fchrung besteht darin, f\u00fcr sich die richtigen Ziele zu finden, das Leben danach auszurichten und sich auf das Wesentliche zu konzentrieren\u201c, so Kunze weiter.<\/p>\n<p>Referentin Veronika Ehlert setze daher zuerst bei den Zielen und der Selbstanalyse an und vermittle dann praxisnah die wichtigsten Methoden einer zielorientierten Zeitplanung im Alltag. So lernen die Teilnehmerinnen zum Beispiel, wie sie \u201eZeitdiebe\u201c beseitigen, Aufgaben delegieren und somit Stress bew\u00e4ltigen, Priorit\u00e4ten setzten und konsequent bleiben. Das Seminar findet von 9 bis 12 Uhr im Gruppenraum des Berufsinformationszentrums der Agentur f\u00fcr Arbeit in Bad Hersfeld (Vitalisstr. 1) statt. Aufgrund der begrenzten Teilnehmerinnenzahl ist eine Anmeldung \u00fcber folgende Kontaktdaten erforderlich.<\/p>\n<p>Kontakt:<br \/>\nTelefon: + 49 6621 209 200<br \/>\nE-Mail: BadHersfeld-Fulda.BCA@arbeitsagentur.de<\/p>\n","protected":false},"excerpt":{"rendered":"<div class=\"tmnf_excerpt\"><p>Interessierte Frauen haben am 03. Februar in der Agentur f\u00fcr Arbeit in Bad Hersfeld die M\u00f6glichkeit, an einem Workshop zum Thema Ziel- und Zeitplanung teilzunehmen. \u201eZeitplanung ist kein Selbstzweck. Es geht nicht darum, Zeit zu sparen. Zeitplanung hilft vielmehr, die eigenen Ziele im beruflichen, famili\u00e4ren und pers\u00f6nlichen Bereich effektiver und effizienter zu erreichen\u201c, erkl\u00e4rt Nadine &hellip;<\/p>\n<\/div>","protected":false},"author":1,"featured_media":0,"comment_status":"closed","ping_status":"closed","sticky":false,"template":"","format":"standard","meta":{"footnotes":""},"categories":[1,53],"tags":[],"class_list":["post-134334","post","type-post","status-publish","format-standard","hentry","category-startseite","category-bildung"],"_links":{"self":[{"href":"https:\/\/www.fuldaernachrichten.de\/index.php?rest_route=\/wp\/v2\/posts\/134334","targetHints":{"allow":["GET"]}}],"collection":[{"href":"https:\/\/www.fuldaernachrichten.de\/index.php?rest_route=\/wp\/v2\/posts"}],"about":[{"href":"https:\/\/www.fuldaernachrichten.de\/index.php?rest_route=\/wp\/v2\/types\/post"}],"author":[{"embeddable":true,"href":"https:\/\/www.fuldaernachrichten.de\/index.php?rest_route=\/wp\/v2\/users\/1"}],"replies":[{"embeddable":true,"href":"https:\/\/www.fuldaernachrichten.de\/index.php?rest_route=%2Fwp%2Fv2%2Fcomments&post=134334"}],"version-history":[{"count":1,"href":"https:\/\/www.fuldaernachrichten.de\/index.php?rest_route=\/wp\/v2\/posts\/134334\/revisions"}],"predecessor-version":[{"id":134335,"href":"https:\/\/www.fuldaernachrichten.de\/index.php?rest_route=\/wp\/v2\/posts\/134334\/revisions\/134335"}],"wp:attachment":[{"href":"https:\/\/www.fuldaernachrichten.de\/index.php?rest_route=%2Fwp%2Fv2%2Fmedia&parent=134334"}],"wp:term":[{"taxonomy":"category","embeddable":true,"href":"https:\/\/www.fuldaernachrichten.de\/index.php?rest_route=%2Fwp%2Fv2%2Fcategories&post=134334"},{"taxonomy":"post_tag","embeddable":true,"href":"https:\/\/www.fuldaernachrichten.de\/index.php?rest_route=%2Fwp%2Fv2%2Ftags&post=134334"}],"curies":[{"name":"wp","href":"https:\/\/api.w.org\/{rel}","templated":true}]}}