{"id":134248,"date":"2015-01-28T00:12:11","date_gmt":"2015-01-27T23:12:11","guid":{"rendered":"http:\/\/www.fuldaer-nachrichten.de\/?p=134248"},"modified":"2015-01-27T20:52:22","modified_gmt":"2015-01-27T19:52:22","slug":"veranstaltung-afd-pegida-fischer-vom-rechten-ufer","status":"publish","type":"post","link":"https:\/\/www.fuldaernachrichten.de\/?p=134248","title":{"rendered":"Veranstaltung \u201eafd &#038; pegida \u2013 fischer vom rechten ufer\u201c"},"content":{"rendered":"<p><img decoding=\"async\" class=\"alignleft size-thumbnail wp-image-134249\" src=\"http:\/\/www.fuldaer-nachrichten.de\/wp-content\/uploads\/2015\/01\/iman-265x149.jpg\" alt=\"iman\" width=\"265\" height=\"149\" srcset=\"https:\/\/www.fuldaernachrichten.de\/wp-content\/uploads\/2015\/01\/iman-265x149.jpg 265w, https:\/\/www.fuldaernachrichten.de\/wp-content\/uploads\/2015\/01\/iman.jpg 600w\" sizes=\"(max-width: 265px) 100vw, 265px\" \/>Bad Hersfeld. Husamuddin Meyer (Islamwissenschaftler, Iman &amp; Gef\u00e4ngnisseelsorger) ist \u201eNachz\u00fcgler\u201c f\u00fcr das Podium der Veranstaltung \u201eafd &amp; pegida \u2013 fischer vom rechten ufer\u201c. In der vergangen Woche brachte sich der Wiesbadener in der ZDF Sendung Maybrit Illner ein. Nun wird er die Diskussion am Montag, den 9.2., ab 19.30 h in der Stadthalle Bad Hersfeld bereichern.<!--more--><\/p>\n<p>Zun\u00e4chst wird der Rechtsextremismus-Experte Volkmar W\u00f6lk aus Dresden in einem Einf\u00fchrungsvortrag seine praktischen Erfahrungen und Recherchen zu Alternative f\u00fcr Deutschland (AfD) und Patriotische Europ\u00e4er gegen die Islamisierung des Abendlandes (PEGIDA) aus erster Hand pr\u00e4sentieren. W\u00f6lk kann dabei auf zahlreiche direkte politische Auseinandersetzungen und die von ihm verfassten Publikationen verweisen.<\/p>\n<p>In der anschlie\u00dfenden Podiumsdiskussion werden neben dem Iman aus Wiesbaden Politiker, der im Deutschen Bundestag vertreten Parteien, den Umgang mit den neuen Gesellschaftsph\u00e4nomenen diskutieren. Auf dem Podium sitzt f\u00fcr die CDU deren Landratskandidat f\u00fcr Hersfeld Rotenburg Dr. Michael Koch. Dr. Koch war bis 2013 Fraktionsgesch\u00e4ftsf\u00fchrer der CDU im Th\u00fcringer Landtag und arbeitet heute im dortigen Ministerium f\u00fcr Bau, Landesentwicklung und Verkehr.<\/p>\n<p>Torsten Warnecke aus Bad Hersfeld nimmt als Landtagsabgeordneter der hessischen SPD teil. Die s\u00e4chsische Landtagsabgeordnete Kerstin K\u00f6ditz (Linke) arbeitet schwerpunktm\u00e4\u00dfig am Thema, sitzt beispielsweise im NSU-Untersuchungsausschuss und hat sich mit rechtsextremen Tendenzen in der AfD auseinander gesetzt. Madeleine Henfling ist stellvertretende Parlamentarische Gesch\u00e4ftsf\u00fchrerin der Fraktion von B\u00fcndnis 90\/Die Gr\u00fcnen im Th\u00fcringer Landtag und ebenfalls ausgewiesene Rechtsextremismus-Expertin auf dem Podium.<\/p>\n<p>Die Veranstaltung wird von Timo Schadt, dem Verleger des osthessischen Monatsmagazins printzip moderiert. Veranstalter sind der Ausl\u00e4nderbeirat Bad Hersfeld in Zusammenarbeit mit dem DGB Bad Hersfeld-Rotenburg und dem Runden Tisch f\u00fcr Demokratie, gegen Rechtsextremismus in Hersfeld-Rotenburg. Der Eintritt ist frei.<\/p>\n","protected":false},"excerpt":{"rendered":"<div class=\"tmnf_excerpt\"><p>Bad Hersfeld. Husamuddin Meyer (Islamwissenschaftler, Iman &amp; Gef\u00e4ngnisseelsorger) ist \u201eNachz\u00fcgler\u201c f\u00fcr das Podium der Veranstaltung \u201eafd &amp; pegida \u2013 fischer vom rechten ufer\u201c. In der vergangen Woche brachte sich der Wiesbadener in der ZDF Sendung Maybrit Illner ein. Nun wird er die Diskussion am Montag, den 9.2., ab 19.30 h in der Stadthalle Bad Hersfeld &hellip;<\/p>\n<\/div>","protected":false},"author":1,"featured_media":134249,"comment_status":"closed","ping_status":"closed","sticky":false,"template":"","format":"standard","meta":{"footnotes":""},"categories":[1,29],"tags":[],"class_list":["post-134248","post","type-post","status-publish","format-standard","has-post-thumbnail","hentry","category-startseite","category-politik"],"_links":{"self":[{"href":"https:\/\/www.fuldaernachrichten.de\/index.php?rest_route=\/wp\/v2\/posts\/134248","targetHints":{"allow":["GET"]}}],"collection":[{"href":"https:\/\/www.fuldaernachrichten.de\/index.php?rest_route=\/wp\/v2\/posts"}],"about":[{"href":"https:\/\/www.fuldaernachrichten.de\/index.php?rest_route=\/wp\/v2\/types\/post"}],"author":[{"embeddable":true,"href":"https:\/\/www.fuldaernachrichten.de\/index.php?rest_route=\/wp\/v2\/users\/1"}],"replies":[{"embeddable":true,"href":"https:\/\/www.fuldaernachrichten.de\/index.php?rest_route=%2Fwp%2Fv2%2Fcomments&post=134248"}],"version-history":[{"count":1,"href":"https:\/\/www.fuldaernachrichten.de\/index.php?rest_route=\/wp\/v2\/posts\/134248\/revisions"}],"predecessor-version":[{"id":134250,"href":"https:\/\/www.fuldaernachrichten.de\/index.php?rest_route=\/wp\/v2\/posts\/134248\/revisions\/134250"}],"wp:featuredmedia":[{"embeddable":true,"href":"https:\/\/www.fuldaernachrichten.de\/index.php?rest_route=\/wp\/v2\/media\/134249"}],"wp:attachment":[{"href":"https:\/\/www.fuldaernachrichten.de\/index.php?rest_route=%2Fwp%2Fv2%2Fmedia&parent=134248"}],"wp:term":[{"taxonomy":"category","embeddable":true,"href":"https:\/\/www.fuldaernachrichten.de\/index.php?rest_route=%2Fwp%2Fv2%2Fcategories&post=134248"},{"taxonomy":"post_tag","embeddable":true,"href":"https:\/\/www.fuldaernachrichten.de\/index.php?rest_route=%2Fwp%2Fv2%2Ftags&post=134248"}],"curies":[{"name":"wp","href":"https:\/\/api.w.org\/{rel}","templated":true}]}}