{"id":134239,"date":"2015-01-28T00:11:56","date_gmt":"2015-01-27T23:11:56","guid":{"rendered":"http:\/\/www.fuldaer-nachrichten.de\/?p=134239"},"modified":"2015-01-27T20:52:04","modified_gmt":"2015-01-27T19:52:04","slug":"projekt-himmelsspuren-stellt-seine-ergebnisse-vor","status":"publish","type":"post","link":"https:\/\/www.fuldaernachrichten.de\/?p=134239","title":{"rendered":"Projekt \u201eHimmelsspuren\u201c stellt seine Ergebnisse vor"},"content":{"rendered":"<p><img fetchpriority=\"high\" decoding=\"async\" class=\"alignleft size-thumbnail wp-image-134240\" src=\"http:\/\/www.fuldaer-nachrichten.de\/wp-content\/uploads\/2015\/01\/2015-01-DerChor-probt-9-265x199.jpg\" alt=\"2015-01 DerChor probt (9)\" width=\"265\" height=\"199\" srcset=\"https:\/\/www.fuldaernachrichten.de\/wp-content\/uploads\/2015\/01\/2015-01-DerChor-probt-9-265x199.jpg 265w, https:\/\/www.fuldaernachrichten.de\/wp-content\/uploads\/2015\/01\/2015-01-DerChor-probt-9.jpg 600w\" sizes=\"(max-width: 265px) 100vw, 265px\" \/>Hilders-Eckweisbach. Die \u201eHimmelsspuren\u201c ziehen weite Kreise: Nicht nur aus dem gesamten Ulstertal, sondern auch weit dar\u00fcber hinaus sind viele Menschen der Einladung des Projektchores \u201eDer Chor\u201c gefolgt. Ein \u00fcberf\u00fcllter Probenraum tat der Stimmung und dem Ergebnis keinen Abbruch, ganz im Gegenteil: <!--more--><\/p>\n<p>Die \u00fcber f\u00fcnfzig S\u00e4ngerinnen und S\u00e4nger von 9 bis 84 Jahren waren mit gro\u00dfer Freude und Energie bei der Sache und werden am kommenden Wochenende unter Leitung von Initiator Thomas N\u00fcdling in zwei Gottesdiensten musikalisch vom Himmel und seinen wohlklingenden und wohltuenden, lebendigen und lieblichen Facetten berichten:<\/p>\n<p>Am Samstag, 31. Januar 2015, um 17:30 Uhr in der Pfarrkirche \u201eSt. Michael\u201c Hilders-Eckweisbach mit Pfarrer Carsten Noll und am Sonntag, 1. Februar 2015, um 10 Uhr in der Niklaskirche Tann mit Pfarrer Kai Kleina.<\/p>\n","protected":false},"excerpt":{"rendered":"<div class=\"tmnf_excerpt\"><p>Hilders-Eckweisbach. Die \u201eHimmelsspuren\u201c ziehen weite Kreise: Nicht nur aus dem gesamten Ulstertal, sondern auch weit dar\u00fcber hinaus sind viele Menschen der Einladung des Projektchores \u201eDer Chor\u201c gefolgt. Ein \u00fcberf\u00fcllter Probenraum tat der Stimmung und dem Ergebnis keinen Abbruch, ganz im Gegenteil:<\/p>\n<\/div>","protected":false},"author":1,"featured_media":134240,"comment_status":"closed","ping_status":"closed","sticky":false,"template":"","format":"standard","meta":{"footnotes":""},"categories":[1,44],"tags":[],"class_list":["post-134239","post","type-post","status-publish","format-standard","has-post-thumbnail","hentry","category-startseite","category-kultur"],"_links":{"self":[{"href":"https:\/\/www.fuldaernachrichten.de\/index.php?rest_route=\/wp\/v2\/posts\/134239","targetHints":{"allow":["GET"]}}],"collection":[{"href":"https:\/\/www.fuldaernachrichten.de\/index.php?rest_route=\/wp\/v2\/posts"}],"about":[{"href":"https:\/\/www.fuldaernachrichten.de\/index.php?rest_route=\/wp\/v2\/types\/post"}],"author":[{"embeddable":true,"href":"https:\/\/www.fuldaernachrichten.de\/index.php?rest_route=\/wp\/v2\/users\/1"}],"replies":[{"embeddable":true,"href":"https:\/\/www.fuldaernachrichten.de\/index.php?rest_route=%2Fwp%2Fv2%2Fcomments&post=134239"}],"version-history":[{"count":1,"href":"https:\/\/www.fuldaernachrichten.de\/index.php?rest_route=\/wp\/v2\/posts\/134239\/revisions"}],"predecessor-version":[{"id":134241,"href":"https:\/\/www.fuldaernachrichten.de\/index.php?rest_route=\/wp\/v2\/posts\/134239\/revisions\/134241"}],"wp:featuredmedia":[{"embeddable":true,"href":"https:\/\/www.fuldaernachrichten.de\/index.php?rest_route=\/wp\/v2\/media\/134240"}],"wp:attachment":[{"href":"https:\/\/www.fuldaernachrichten.de\/index.php?rest_route=%2Fwp%2Fv2%2Fmedia&parent=134239"}],"wp:term":[{"taxonomy":"category","embeddable":true,"href":"https:\/\/www.fuldaernachrichten.de\/index.php?rest_route=%2Fwp%2Fv2%2Fcategories&post=134239"},{"taxonomy":"post_tag","embeddable":true,"href":"https:\/\/www.fuldaernachrichten.de\/index.php?rest_route=%2Fwp%2Fv2%2Ftags&post=134239"}],"curies":[{"name":"wp","href":"https:\/\/api.w.org\/{rel}","templated":true}]}}