{"id":134199,"date":"2015-01-27T00:13:24","date_gmt":"2015-01-26T23:13:24","guid":{"rendered":"http:\/\/www.fuldaer-nachrichten.de\/?p=134199"},"modified":"2015-01-27T20:56:31","modified_gmt":"2015-01-27T19:56:31","slug":"neue-reihe-kulturveranstaltungen-im-vhs-forum","status":"publish","type":"post","link":"https:\/\/www.fuldaernachrichten.de\/?p=134199","title":{"rendered":"Neue Reihe Kulturveranstaltungen im VHS FORUM"},"content":{"rendered":"<p>Fulda. Im vergangenen Jahr wurde das Kanzlerpalais, nach monatelanger Sanierung, Restaurierung und energetischer Modernisierung offiziell wieder seinen Nutzern \u00fcbergeben. Das VHS Forum im Kanzlerpalais, die ehemalige Schalterhalle, steht laut\u00c2\u00a0 Oberb\u00fcrgermeister Gerhard M\u00f6ller zuk\u00fcnftig auch f\u00fcr Veranstaltungsangebote zur Verf\u00fcgung. Er freue sich \u00fcber die neuen M\u00f6glichkeiten, die das VHS \u2013 Forum bietet und m\u00f6chte auf einige interessante Veranstaltungen, die im M\u00e4rz diesen Jahres angeboten werden, hinweisen. Karten zu den Veranstaltungen sind im Vorverkauf an der Gesch\u00e4ftsstelle der Fuldaer Zeitung (Peterstor), erh\u00e4ltlich.<!--more--><\/p>\n<p>Freitag, <strong>6. M\u00e4rz 2015<\/strong>, 20.00 Uhr<br \/>\nVHS FORUM, Unterm Hl. Kreuz 1, 36037 Fulda<\/p>\n<p><strong>BASTIAN WEINIG QUARTETT<\/strong><br \/>\nBastian Weinig (Bass), Jonas Engel (Saxophon), Nicolas Hering (Piano), Max Jentzen (Drum)<br \/>\nAls Bassist ist Bastian Weinig in zahlreichen Band genre\u00fcbergreifend t\u00e4tig, von Bebop und Modern Jazz \u00fcber Weltmusik bis zu Filmmusik und Klassik. Auf der Suche nach seiner eigenen Stimme wird er inspiriert von Musikern wie Brad Mehldau, Avishai Cohen und Ray Brown. 2014 gr\u00fcndete er sein eigenes Modern Jazz Quartett.<\/p>\n<p>Samstag, <strong>7. M\u00e4rz 2015<\/strong>, 20.00 Uhr<br \/>\nVHS FORUM, Unterm Hl. Kreuz 1, 36037 Fulda<\/p>\n<p><strong>Barbara Kramer -\u201eJe suis femme\u201c ein franz\u00f6sisch \u2013 deutsches Chansonprogramm<br \/>\n<\/strong>Barbara Kramer verk\u00f6rpert das franz\u00f6sische \u201esavoir-vivre\u201c, das \u201elaisser-aller\u201c, \u201elaisser-faire\u201c \u2013 \u201esich leben lassen\u201c, hat sie doch einige Jahre in Paris gelebt und dort den Rhytmus und die Seele dieser Stadt in sich aufgenommen. Lassen Sie sich mitrei\u00dfen im Fluss der Melodien, im Takt des musikalischen Herzschlags einer beeindruckenden S\u00e4ngerin.<\/p>\n<p>Samstag, <strong>14. M\u00e4rz 2015<\/strong>, 20.00 Uhr<br \/>\nVHS FORUM, Unterm Hl. Kreuz 1, 36037 Fulda<\/p>\n<p><strong>Martina Roth \u201eIch bin ein Kontinent\u201c<br \/>\n<\/strong>Liebeslieder, Spiegelbildnisse und Verwandlungen. Ein leidenschaftlicher und tragikkomischer Abend \u00fcber Gertrud Kolmar der \u201eKartographin\u201c der Seele. In Musik, Text und Bewegtbild. Gertrud Kolmar, geboren 1894 in Berlin, ermordet 1943 in Auschwitz, f\u00fchrte die deutschsprachige Lyrik zu einem H\u00f6hepunkt und steht auf einer Stufe mit Anette von Droste-H\u00fclshoff, Charles Baudelaire und Else Lasker-Sch\u00fcler.<\/p>\n<p>Samstag, <strong>21.03.2014<\/strong>, 20.00 Uhr<br \/>\nVHS FORUM, Unterm Hl. Kreuz 1, 36037 Fulda<\/p>\n","protected":false},"excerpt":{"rendered":"<div class=\"tmnf_excerpt\"><p>Fulda. Im vergangenen Jahr wurde das Kanzlerpalais, nach monatelanger Sanierung, Restaurierung und energetischer Modernisierung offiziell wieder seinen Nutzern \u00fcbergeben. Das VHS Forum im Kanzlerpalais, die ehemalige Schalterhalle, steht laut\u00c2\u00a0 Oberb\u00fcrgermeister Gerhard M\u00f6ller zuk\u00fcnftig auch f\u00fcr Veranstaltungsangebote zur Verf\u00fcgung. Er freue sich \u00fcber die neuen M\u00f6glichkeiten, die das VHS \u2013 Forum bietet und m\u00f6chte auf einige &hellip;<\/p>\n<\/div>","protected":false},"author":1,"featured_media":134200,"comment_status":"closed","ping_status":"closed","sticky":false,"template":"","format":"standard","meta":{"footnotes":""},"categories":[1,44],"tags":[],"class_list":["post-134199","post","type-post","status-publish","format-standard","has-post-thumbnail","hentry","category-startseite","category-kultur"],"_links":{"self":[{"href":"https:\/\/www.fuldaernachrichten.de\/index.php?rest_route=\/wp\/v2\/posts\/134199","targetHints":{"allow":["GET"]}}],"collection":[{"href":"https:\/\/www.fuldaernachrichten.de\/index.php?rest_route=\/wp\/v2\/posts"}],"about":[{"href":"https:\/\/www.fuldaernachrichten.de\/index.php?rest_route=\/wp\/v2\/types\/post"}],"author":[{"embeddable":true,"href":"https:\/\/www.fuldaernachrichten.de\/index.php?rest_route=\/wp\/v2\/users\/1"}],"replies":[{"embeddable":true,"href":"https:\/\/www.fuldaernachrichten.de\/index.php?rest_route=%2Fwp%2Fv2%2Fcomments&post=134199"}],"version-history":[{"count":3,"href":"https:\/\/www.fuldaernachrichten.de\/index.php?rest_route=\/wp\/v2\/posts\/134199\/revisions"}],"predecessor-version":[{"id":134263,"href":"https:\/\/www.fuldaernachrichten.de\/index.php?rest_route=\/wp\/v2\/posts\/134199\/revisions\/134263"}],"wp:featuredmedia":[{"embeddable":true,"href":"https:\/\/www.fuldaernachrichten.de\/index.php?rest_route=\/wp\/v2\/media\/134200"}],"wp:attachment":[{"href":"https:\/\/www.fuldaernachrichten.de\/index.php?rest_route=%2Fwp%2Fv2%2Fmedia&parent=134199"}],"wp:term":[{"taxonomy":"category","embeddable":true,"href":"https:\/\/www.fuldaernachrichten.de\/index.php?rest_route=%2Fwp%2Fv2%2Fcategories&post=134199"},{"taxonomy":"post_tag","embeddable":true,"href":"https:\/\/www.fuldaernachrichten.de\/index.php?rest_route=%2Fwp%2Fv2%2Ftags&post=134199"}],"curies":[{"name":"wp","href":"https:\/\/api.w.org\/{rel}","templated":true}]}}