{"id":134195,"date":"2015-01-27T00:12:09","date_gmt":"2015-01-26T23:12:09","guid":{"rendered":"http:\/\/www.fuldaer-nachrichten.de\/?p=134195"},"modified":"2015-01-26T17:39:08","modified_gmt":"2015-01-26T16:39:08","slug":"adac-rallye-deutschland-2015-nimmt-gestalt-an","status":"publish","type":"post","link":"https:\/\/www.fuldaernachrichten.de\/?p=134195","title":{"rendered":"ADAC Rallye Deutschland 2015 nimmt Gestalt an"},"content":{"rendered":"<p>M\u00fcnchen\/Trier. Mit dem Auftakt der WRC-Saison 2015 in Monte Carlo steigt auch in Deutschland wieder das Rallye-Fieber und damit auch die Vorfreude auf die ADAC Rallye Deutschland. Der deutsche Lauf zur FIA Rallye-Weltmeisterschaft findet in diesem Jahr vom 20. bis 23. August statt. Die Planungen des Organisationsteams rund um Rallye-Leiter Alfred Rommelfanger laufen bereits auf Hochtouren: Momentan steht der Ablauf der Veranstaltung im Fokus. <!--more--><\/p>\n<p>Der Streckenplan in der Moselregion rund um Trier, in der Eifel, im Saarland und auf der legend\u00e4ren Panzerplatte nimmt Gestalt an. Weltmeister S\u00e9bastien Ogier, 2014-Sieger Thierry Neuville, Jari-Matti Latvala und die anderen WRC-Piloten d\u00fcrfen sich &#8211; gemeinsam mit den Fans &#8211; auf zahlreiche neue Herausforderungen und ein Wiedersehen mit klassischen Highlights freuen.<\/p>\n<p>Den Auftakt der ADAC Rallye Deutschland 2015 bildet der Shakedown Konz am Donnerstag (20. August) mit seiner im Vorjahr neu konzipierten Charakteristik. F\u00fcr Fan-Begeisterung wird am Donnerstagabend wieder die Autogrammstunde mit allen Top-Stars auf dem Hauptmarkt der Stadt Trier sorgen. In bew\u00e4hrter Tradition l\u00e4utet anschlie\u00dfend der feierliche Show-Start an der Porta Nigra die ADAC Rallye Deutschland 2015 offiziell ein. Das historische R\u00f6mertor wird dabei wieder eindrucksvoll illuminiert und bildet einen einzigartigen Rahmen f\u00fcr die Pr\u00e4sentation der Teams und ihrer Hightech-Boliden.<\/p>\n<p>Am Freitag (21. August) beginnt die ADAC Rallye Deutschland mit der Wertungspr\u00fcfung Sauertal. Die rund 15 Kilometer lange Strecke nahe der Grenze zu Luxemburg wird im Vergleich zum Vorjahr in entgegengesetzter Richtung gefahren. Anschlie\u00dfend steht die 2014 erstmals absolvierte Wertungspr\u00fcfung Waxweiler unweit der belgischen Grenze auf dem Programm. Noch in der Planung ist eine vollkommen neue Wertungspr\u00fcfung im Bereich Spangdahlem unweit der Autobahn A60, die eine ideale Erg\u00e4nzung auf dem Weg von der Eifel in die Moselregion darstellt. Den Abschluss der Vormittagsrunde macht die Wertungspr\u00fcfung Moselland. Von den Weinbergen geht es danach zur\u00fcck zum zentralen Servicepark, der wieder auf dem Messegel\u00e4nde von Trier beheimatet sein wird. Am Nachmittag absolvieren die Teams erneut alle vier Wertungspr\u00fcfungen.<\/p>\n<p>Der Samstag (22. August) startet mit der rund 18 Kilometer langen Wertungspr\u00fcfung Grafschaft, deren Streckenf\u00fchrung leicht ver\u00e4ndert wurde. Als n\u00e4chste Herausforderung ist eine Wertungspr\u00fcfung im Saarland geplant. Danach geht es auf dem Truppen\u00fcbungsplatz Baumholder zur Sache: Aufgrund der erfolgreichen Premiere des Sprintformats im Vorjahr wird es auch 2015 wieder zwei unterschiedliche Pr\u00fcfungen auf der Arena Panzerplatte geben: den knapp drei Kilometer langen Sprint, bei dem die Fans fast die ganze Strecke im Blick haben, und den rund 47 Kilometer langen Marathon, der den Piloten einmal mehr ihr ganzes K\u00f6nnen abverlangt. Im Anschluss an das Regrouping Bilstein in Mandern fahren die Teams zur\u00fcck zum Service-Park nach Trier und starten am Nachmittag erneut zu den Wertungspr\u00fcfungen.<\/p>\n<p>Am Abschlusstag der ADAC Rallye Deutschland (23. August) stehen noch einmal zwei Wertungspr\u00fcfungen auf dem Programm, deren Streckenf\u00fchrung gegen\u00fcber 2014 modifiziert wurde: die knapp 20 Kilometer lange Wertungspr\u00fcfung Stein &amp; Wein sowie die Wertungspr\u00fcfung Dhrontal nord\u00f6stlich von Trier. Die f\u00fcr ihre vielen Spitzkehren ber\u00fchmt-ber\u00fcchtigte Dhrontal-Pr\u00fcfung z\u00e4hlt 2015 als Power Stage.<\/p>\n<p>Das hei\u00dft, es geht um extra Punkte f\u00fcr die Weltmeisterschaftswertung. Aufgrund der Einstufung als Power Stage wurde die Wertungspr\u00fcfung dem WRC-Reglement entsprechend auf eine L\u00e4nge von ca. 15 Kilometer verk\u00fcrzt. Au\u00dferdem steht am Sonntag noch ein Regrouping an der Mosel auf dem Programm. Am Nachmittag bildet die Siegerehrung vor der historischen Kulisse der Porta Nigra in Trier den kr\u00f6nenden Abschluss der ADAC Rallye Deutschland 2015. Hier k\u00f6nnen die Fans die Rallye-Helden des deutschen Weltmeisterschaftslaufs ausgiebig feiern.<\/p>\n<p><strong>Jetzt Gutscheine und Tickets im Vorverkauf sichern!<\/strong><br \/>\nUm die Vorfreude der Rallye-Fans zu steigern, hat der ADAC den Ticket-Vorverkauf f\u00fcr die ADAC Rallye Deutschland 2015 bereits gestartet: Der Rallye-Pass bzw. der Gutschein hierf\u00fcr ist ab sofort zum Preis von EUR 69,- (f\u00fcr ADAC Mitglieder EUR 64,-) unter http:\/\/shop.rallye-deutschland.de erh\u00e4ltlich. Gegen einen Aufpreis von EUR 5,- l\u00e4sst sich zusammen mit der Ticket-Bestellung auch gleich das offizielle Rallye Magazin vorbestellen.<\/p>\n<p><strong>Der Rallye-Pass im \u00dcberblick:<\/strong><br \/>\nDer Rallye-Pass ist das universelle Fan-Ticket f\u00fcr alle vier Tage der ADAC Rallye Deutschland. Er beinhaltet den Zugang zum Shakedown und zu allen Zuschauerbereichen an den Wertungs-pr\u00fcfungen. Ebenfalls im Preis enthalten ist der Eintritt zum Servicepark. Hier werden den Fans zahlreiche Attraktionen geboten. Das Gel\u00e4nde ist der zentrale Dreh- und Angelpunkt. Hier k\u00f6nnen Fans den Mechanikern \u00fcber die Schultern schauen, die WRC-Stars und ihre Rallye-Fahrzeuge bewundern, sowie Autogramme ergattern.<\/p>\n<p><strong>Das Ticket beinhaltet:<\/strong><br \/>\nZugang zu allen Wertungspr\u00fcfungen an allen Tagen<br \/>\nZugang zum Servicepark an allen Tagen<br \/>\nZugang zum Shakedown am Donnerstag<br \/>\nSpectator Map mit den wichtigsten Informationen rund um das Renngeschehen<br \/>\nADAC Rallye Deutschland Ticketband<br \/>\nADAC Rallye Deutschland Aufkleber<br \/>\nInfos zur ADAC Rallye Deutschland 2015:<\/p>\n<p>Die ADAC Rallye Deutschland hat weltweit einen einzigartigen Ruf. Die Mischung aus engen Pr\u00fcfungen in den Mosel-Weinbergen, harten Pisten auf dem Truppen\u00fcbungsplatz Baumholder sowie schnellen Asphalt-Stra\u00dfen stellen die Teams und Fahrer vor gro\u00dfe Herausforderungen. Hier sind K\u00f6nnen und Vielseitigkeit gefragt. St\u00e4ndige Abwechslung, hochklassige Action und gro\u00dfe Fan-N\u00e4he machen den deutschen Weltmeisterschaftslauf auch bei den Zuschauern so beliebt. Jahr f\u00fcr Jahr lockt die Gro\u00dfveranstaltung ein begeistertes Publikum aus ganz Europa an, das der ADAC Rallye Deutschland zudem ein spezielles internationales Flair verleiht.<\/p>\n","protected":false},"excerpt":{"rendered":"<div class=\"tmnf_excerpt\"><p>M\u00fcnchen\/Trier. Mit dem Auftakt der WRC-Saison 2015 in Monte Carlo steigt auch in Deutschland wieder das Rallye-Fieber und damit auch die Vorfreude auf die ADAC Rallye Deutschland. Der deutsche Lauf zur FIA Rallye-Weltmeisterschaft findet in diesem Jahr vom 20. bis 23. August statt. Die Planungen des Organisationsteams rund um Rallye-Leiter Alfred Rommelfanger laufen bereits auf &hellip;<\/p>\n<\/div>","protected":false},"author":1,"featured_media":0,"comment_status":"closed","ping_status":"closed","sticky":false,"template":"","format":"standard","meta":{"footnotes":""},"categories":[1,35],"tags":[],"class_list":["post-134195","post","type-post","status-publish","format-standard","hentry","category-startseite","category-auto"],"_links":{"self":[{"href":"https:\/\/www.fuldaernachrichten.de\/index.php?rest_route=\/wp\/v2\/posts\/134195","targetHints":{"allow":["GET"]}}],"collection":[{"href":"https:\/\/www.fuldaernachrichten.de\/index.php?rest_route=\/wp\/v2\/posts"}],"about":[{"href":"https:\/\/www.fuldaernachrichten.de\/index.php?rest_route=\/wp\/v2\/types\/post"}],"author":[{"embeddable":true,"href":"https:\/\/www.fuldaernachrichten.de\/index.php?rest_route=\/wp\/v2\/users\/1"}],"replies":[{"embeddable":true,"href":"https:\/\/www.fuldaernachrichten.de\/index.php?rest_route=%2Fwp%2Fv2%2Fcomments&post=134195"}],"version-history":[{"count":1,"href":"https:\/\/www.fuldaernachrichten.de\/index.php?rest_route=\/wp\/v2\/posts\/134195\/revisions"}],"predecessor-version":[{"id":134196,"href":"https:\/\/www.fuldaernachrichten.de\/index.php?rest_route=\/wp\/v2\/posts\/134195\/revisions\/134196"}],"wp:attachment":[{"href":"https:\/\/www.fuldaernachrichten.de\/index.php?rest_route=%2Fwp%2Fv2%2Fmedia&parent=134195"}],"wp:term":[{"taxonomy":"category","embeddable":true,"href":"https:\/\/www.fuldaernachrichten.de\/index.php?rest_route=%2Fwp%2Fv2%2Fcategories&post=134195"},{"taxonomy":"post_tag","embeddable":true,"href":"https:\/\/www.fuldaernachrichten.de\/index.php?rest_route=%2Fwp%2Fv2%2Ftags&post=134195"}],"curies":[{"name":"wp","href":"https:\/\/api.w.org\/{rel}","templated":true}]}}