{"id":134187,"date":"2015-01-26T10:18:44","date_gmt":"2015-01-26T09:18:44","guid":{"rendered":"http:\/\/www.fuldaer-nachrichten.de\/?p=134187"},"modified":"2015-01-27T21:13:06","modified_gmt":"2015-01-27T20:13:06","slug":"als-deutsche-aktiv-in-gesellschaftliches-leben-einbringen","status":"publish","type":"post","link":"https:\/\/www.fuldaernachrichten.de\/?p=134187","title":{"rendered":"\u201eAls Deutsche aktiv in gesellschaftliches Leben einbringen\u201c"},"content":{"rendered":"<p>Fulda. Er habe selbst einige Zeit im Ausland gelebt. Von daher wisse er, dass es am Anfang mitunter schwierig sei, sich im dortigen Alltag zu Recht zu finden \u2013 vor allem, wenn man die Sprache noch nicht ausreichend beherrsche. Dies erkl\u00e4rte Erster Kreisbeigeordneter Dr. Heiko Wingenfeld bei der Verleihung der deutschen Staatsb\u00fcrgerschaft an vier im Landkreis Fulda beheimatete Personen.<!--more--><\/p>\n<p>Solche Einb\u00fcrgerungen finden regelm\u00e4\u00dfig im Kreishaus statt und markieren den feierlichen Abschluss eines l\u00e4ngeren Verfahrens, das unter anderem auch einen Nachweis deutscher Sprachkenntnisse beinhaltet. Ihre Einb\u00fcrgerungsurkunden nahmen aus den H\u00e4nden von Vize-Landrat Dr. Wingenfeld Raja Nazzal Dhari Al-Mehannawi, Elena Nikolaevna Vonog, Nataliya Mykolaiwna Eckart und Yadielis Heil pers\u00f6nlich entgegen, nachdem sie zuvor ein Treuebekenntnis zu den in Deutschland geltenden Normen und Gesetzen abgelegt hatten.<\/p>\n<p>Mit der deutschen Staatsb\u00fcrgerschaft d\u00fcrfte jetzt vieles leichter fallen, betonte Dr. Wingenfeld. Damit seien aber auch Pflichten wie das Eintreten f\u00fcr die freiheitlich-demokratische Grundordnung verbunden, was sich beispielsweise bei der Teilnahme an Wahlen zeige. Der Erste Kreisbeigeordnete appellierte an die neu Eingeb\u00fcrgerten, sich als deutsche Staatsb\u00fcrger aktiv in die Gestaltung des sozialen Zusammenlebens einzubringen \u2013auch im Hinblick auf eine offene Gesellschaft, \u201edie wir noch nicht sind, aber werden wollen\u201c.<\/p>\n","protected":false},"excerpt":{"rendered":"<div class=\"tmnf_excerpt\"><p>Fulda. Er habe selbst einige Zeit im Ausland gelebt. Von daher wisse er, dass es am Anfang mitunter schwierig sei, sich im dortigen Alltag zu Recht zu finden \u2013 vor allem, wenn man die Sprache noch nicht ausreichend beherrsche. Dies erkl\u00e4rte Erster Kreisbeigeordneter Dr. Heiko Wingenfeld bei der Verleihung der deutschen Staatsb\u00fcrgerschaft an vier im &hellip;<\/p>\n<\/div>","protected":false},"author":1,"featured_media":134188,"comment_status":"closed","ping_status":"closed","sticky":false,"template":"","format":"standard","meta":{"footnotes":""},"categories":[1,29],"tags":[],"class_list":["post-134187","post","type-post","status-publish","format-standard","has-post-thumbnail","hentry","category-startseite","category-politik"],"_links":{"self":[{"href":"https:\/\/www.fuldaernachrichten.de\/index.php?rest_route=\/wp\/v2\/posts\/134187","targetHints":{"allow":["GET"]}}],"collection":[{"href":"https:\/\/www.fuldaernachrichten.de\/index.php?rest_route=\/wp\/v2\/posts"}],"about":[{"href":"https:\/\/www.fuldaernachrichten.de\/index.php?rest_route=\/wp\/v2\/types\/post"}],"author":[{"embeddable":true,"href":"https:\/\/www.fuldaernachrichten.de\/index.php?rest_route=\/wp\/v2\/users\/1"}],"replies":[{"embeddable":true,"href":"https:\/\/www.fuldaernachrichten.de\/index.php?rest_route=%2Fwp%2Fv2%2Fcomments&post=134187"}],"version-history":[{"count":2,"href":"https:\/\/www.fuldaernachrichten.de\/index.php?rest_route=\/wp\/v2\/posts\/134187\/revisions"}],"predecessor-version":[{"id":134273,"href":"https:\/\/www.fuldaernachrichten.de\/index.php?rest_route=\/wp\/v2\/posts\/134187\/revisions\/134273"}],"wp:featuredmedia":[{"embeddable":true,"href":"https:\/\/www.fuldaernachrichten.de\/index.php?rest_route=\/wp\/v2\/media\/134188"}],"wp:attachment":[{"href":"https:\/\/www.fuldaernachrichten.de\/index.php?rest_route=%2Fwp%2Fv2%2Fmedia&parent=134187"}],"wp:term":[{"taxonomy":"category","embeddable":true,"href":"https:\/\/www.fuldaernachrichten.de\/index.php?rest_route=%2Fwp%2Fv2%2Fcategories&post=134187"},{"taxonomy":"post_tag","embeddable":true,"href":"https:\/\/www.fuldaernachrichten.de\/index.php?rest_route=%2Fwp%2Fv2%2Ftags&post=134187"}],"curies":[{"name":"wp","href":"https:\/\/api.w.org\/{rel}","templated":true}]}}