{"id":134174,"date":"2015-01-26T00:01:38","date_gmt":"2015-01-25T23:01:38","guid":{"rendered":"http:\/\/www.fuldaer-nachrichten.de\/?p=134174"},"modified":"2015-01-26T10:24:44","modified_gmt":"2015-01-26T09:24:44","slug":"gelungener-saisonauftakt-der-tsg-kuenzell","status":"publish","type":"post","link":"https:\/\/www.fuldaernachrichten.de\/?p=134174","title":{"rendered":"Gelungener Saisonauftakt der TSG K\u00fcnzell"},"content":{"rendered":"<p><img fetchpriority=\"high\" decoding=\"async\" class=\"alignnone size-full wp-image-134175\" src=\"http:\/\/www.fuldaer-nachrichten.de\/wp-content\/uploads\/2015\/01\/DSC_0537.jpg\" alt=\"DSC_0537\" width=\"560\" height=\"358\" \/><\/p>\n<p>K\u00fcnzell. Nach zwei Jahren Pause schickt die TSG K\u00fcnzell erstmals wieder ein neu zusammengestelltes Hauptklasse-Team auf die Turnierb\u00fchne. Beim internationalen Turnier in Landshut startete am Samstag zuerst das Jugendteam, gleich danach folgte die Hauptklasse. Beide Teams konnten einen hervorragenden 1. Platz belegen. Am Sonntag folgte in Landshut das Ranglistenturnier. Hier belegte die Hauptklasse wieder den 1., das Juniorenteam den 2. Platz.<!--more--><\/p>\n<p>Die TSG K\u00fcnzell hatte sich am vergangenen Wochenende viel vorgenommen. Gleich zwei Turniere standen auf dem Programm. M\u00fcde und voller Aufregung starteten die T\u00e4nzerinnen und T\u00e4nzern der beiden Teams mit dem Bus am Samstagmorgen um 5.00 Uhr in Pilgerzell in Richtung Landshut.<\/p>\n<p>Das Juniorenteam hatte das erste Turnier der Saison bereits im Dezember erfolgreich bew\u00e4ltigt. Die 16 T\u00e4nzerinnen und T\u00e4nzer wollten nat\u00fcrlich an diesen Erfolg ankn\u00fcpfen. Als Startnummer 2 ging das Jugendteam mit ihrem Tanz \u201eDancing ist not a crime\u201c (Footloose) nach den Konkurrenten aus Raunheim auf die B\u00fchne. Trotz des fr\u00fchen Aufstehens legten die 10- 13j\u00e4hrigen eine hei\u00dfe Sohle aufs Parkett und begeisterten Publikum und Wertungsrichter gleicherma\u00dfen. 278 Punkte reichten zum Sieg.<\/p>\n<p>Mit einer sehr gro\u00dfen Gruppe von 24 T\u00e4nzerinnen und T\u00e4nzern in der Hauptklasse war man sehr aufgeregt, da beim ersten Turnier immer noch nicht klar ist, wie der Tanz ankommt, ob man das Thema erkennen kann und ob alles gut umgesetzt wurde. Die Trainerinnen Mirjam Kleiss und Carina Bermejo-Perez haben in dieser Saison die Geschichte der \u201eAnna Karenina\u201c choreographiert.<\/p>\n<p>Unter dem Titel \u201eWehrlos\u201c steht bei diesem Tanz eine Frau in Russland aus dem 19. Jahrhundert im Mittelpunkt. Anna wird mit 17 Jahren mit einem hohen Beamten verheiratet. W\u00e4hrend dieser gl\u00fccklosen Ehe verf\u00e4llt die bezaubernde, kluge und sanftm\u00fctige Anna einem jungen Offizier in unwiderstehlicher Liebe. Eine leidenschaftliche Aff\u00e4re, die sie weder vor ihrem Mann noch vor der Gesellschaft verheimlicht, nimmt ihren Lauf. Anna Karenina ist bereit, dieser Liebe alles zu opfern.<\/p>\n<p>Leider klappt der Durchgang nicht ganz so wie gew\u00fcnscht. Ein T\u00e4nzer rutscht von der B\u00fchne (h\u00fcpfte \u2013 als st\u00e4nde ein Trampolin vor der B\u00fchne \u2013 gleich wieder hinauf und tanzte weiter) und es fehlte noch an Synchronit\u00e4t. Es gab viele kleine Einzelfehler und die Hebungen waren nicht ganz sauber ausgef\u00fchrt. Man merkte den T\u00e4nzerinnen und T\u00e4nzern die enorme Anspannung an. Allerdings muss festgehalten werden, dass die Wertungsrichter bei 24 Aktiven auf der B\u00fchne auch nicht alles sehen k\u00f6nnen. So brach gro\u00dfer Jubel aus, als die Wertung mit 284 Punkten bekannt wurde. Die Konkurrenten aus Frankfurt und Ysenburg lagen mit 281 und 273 dahinter. Die Punkte f\u00fcr dieses Internationale Turnier z\u00e4hlen nicht in die Rangliste, sind aber wichtig f\u00fcr die Qualifikation zur Europameisterschaft bzw. f\u00fcr die Hauptklasse f\u00fcr das Masters Cup.<\/p>\n<p>Die Teams waren im 80km entfernten Evangelisationszentrum St. Petrus in \u00d6tzing untergebracht. Schon beim Fr\u00fchst\u00fcck ging alles wieder von vorne los: Haare eindrehen, schminken und gegen 9.30 Uhr ging es am Sonntagmorgen wieder Richtung Turnierhalle. Die Junioren waren mittags an der Reihe. Nachdem sich alle aufgew\u00e4rmt hatten, motiviert und die Kr\u00e4fte geb\u00fcndelt waren, gelang den T\u00e4nzerinnen und T\u00e4nzer ein besserer und sauberer Durchgang als am Vortag.<\/p>\n<p>Gegen die Konkurrenz aus Landshut und K\u00fcrnach hatte man in dieser Saison noch nicht getanzt, daher war die Anspannung gro\u00df. Leider war der Heimverein sehr stark, so dass es am Sonntag nur f\u00fcr einen 2. Platz vor der Konkurrenz aus K\u00fcrnach reichte. Trotzdem waren die Trainerinnen Ute Kerkow und Anna-Lena Elm sehr stolz auf die geleisteten Darbietungen der T\u00e4nzerinnen und T\u00e4nzer, die sich in dieser Saison erstmals bei den Junioren behaupten m\u00fcssen.<\/p>\n<p>Das Hauptklasse-Team war erst gegen 19.00 Uhr am Start. Die gute Stimmung bei den T\u00e4nzern und Helfern schlug sich in der Konzentration positiv nieder und es gelang ein sehr sauberer Durchgang. Es war eine deutliche Steigerung zum Auftakt vom Samstag erkennbar. Die Wertungsrichter belohnten die Hauptklasse mit grandiosen 288 Punkten. Damit lie\u00dfen sie die Konkurrenz aus Karlsfeld und Ysenburg mit einer Differenz von 20 Punkten weit hinter sich. 288 Punkte ist die bisher h\u00f6chste Wertung, die in der Rangliste in der aktuellen Saison erreicht wurden.<\/p>\n<p>Nach diesem langen und anstrengenden Wochenende fuhren alle Aktiven der TSG K\u00fcnzell gl\u00fccklich und zufrieden nach Hause. Gegen 1.00 Uhr am Montagmorgen war der Bus in Pilgerzell.<\/p>\n<p>F\u00fcr die Teams der TSG K\u00fcnzell gibt es allerdings keine Pause. Bereits am kommenden Wochenende geht das Sch\u00fclerteam erstmals an den Start genauso wie der Solot\u00e4nzer Florian Bull, der in der Hauptklasse startet. Am Sonntag sind wieder die Darbietungen des Jugend- und Hauptklasse-Teams gefragt.<\/p>\n<p>&nbsp;<\/p>\n","protected":false},"excerpt":{"rendered":"<div class=\"tmnf_excerpt\"><p>K\u00fcnzell. Nach zwei Jahren Pause schickt die TSG K\u00fcnzell erstmals wieder ein neu zusammengestelltes Hauptklasse-Team auf die Turnierb\u00fchne. Beim internationalen Turnier in Landshut startete am Samstag zuerst das Jugendteam, gleich danach folgte die Hauptklasse. Beide Teams konnten einen hervorragenden 1. Platz belegen. Am Sonntag folgte in Landshut das Ranglistenturnier. Hier belegte die Hauptklasse wieder den &hellip;<\/p>\n<\/div>","protected":false},"author":1,"featured_media":0,"comment_status":"closed","ping_status":"closed","sticky":false,"template":"","format":"standard","meta":{"footnotes":""},"categories":[1,44,78],"tags":[],"class_list":["post-134174","post","type-post","status-publish","format-standard","hentry","category-startseite","category-kultur","category-topthema"],"_links":{"self":[{"href":"https:\/\/www.fuldaernachrichten.de\/index.php?rest_route=\/wp\/v2\/posts\/134174","targetHints":{"allow":["GET"]}}],"collection":[{"href":"https:\/\/www.fuldaernachrichten.de\/index.php?rest_route=\/wp\/v2\/posts"}],"about":[{"href":"https:\/\/www.fuldaernachrichten.de\/index.php?rest_route=\/wp\/v2\/types\/post"}],"author":[{"embeddable":true,"href":"https:\/\/www.fuldaernachrichten.de\/index.php?rest_route=\/wp\/v2\/users\/1"}],"replies":[{"embeddable":true,"href":"https:\/\/www.fuldaernachrichten.de\/index.php?rest_route=%2Fwp%2Fv2%2Fcomments&post=134174"}],"version-history":[{"count":2,"href":"https:\/\/www.fuldaernachrichten.de\/index.php?rest_route=\/wp\/v2\/posts\/134174\/revisions"}],"predecessor-version":[{"id":134194,"href":"https:\/\/www.fuldaernachrichten.de\/index.php?rest_route=\/wp\/v2\/posts\/134174\/revisions\/134194"}],"wp:attachment":[{"href":"https:\/\/www.fuldaernachrichten.de\/index.php?rest_route=%2Fwp%2Fv2%2Fmedia&parent=134174"}],"wp:term":[{"taxonomy":"category","embeddable":true,"href":"https:\/\/www.fuldaernachrichten.de\/index.php?rest_route=%2Fwp%2Fv2%2Fcategories&post=134174"},{"taxonomy":"post_tag","embeddable":true,"href":"https:\/\/www.fuldaernachrichten.de\/index.php?rest_route=%2Fwp%2Fv2%2Ftags&post=134174"}],"curies":[{"name":"wp","href":"https:\/\/api.w.org\/{rel}","templated":true}]}}