{"id":134169,"date":"2015-01-26T09:56:59","date_gmt":"2015-01-26T08:56:59","guid":{"rendered":"http:\/\/www.fuldaer-nachrichten.de\/?p=134169"},"modified":"2015-01-26T09:56:59","modified_gmt":"2015-01-26T08:56:59","slug":"ob-kandidat-dr-heiko-wingenfeld-innenstadt-zum-erlebnisraum-fur-die-gesamte-region-entwickeln","status":"publish","type":"post","link":"https:\/\/www.fuldaernachrichten.de\/?p=134169","title":{"rendered":"OB-Kandidat Dr. Heiko Wingenfeld: Innenstadt zum Erlebnisraum fu\u00cc\u02c6r die gesamte Region entwickeln"},"content":{"rendered":"<p>Fulda. OB-Kandidat Dr. Wingenfeld spricht sich dafu\u00cc\u02c6r aus, die Initiative fu\u00cc\u02c6r die Belebung der Innenstadt weiter zu verst\u00e4rken. \u201eMein Ziel ist es, mehr Menschen fu\u00cc\u02c6r die Innenstadt mit ihren Gesch\u00e4ften, ihrer Gastronomie und ihren Hotels zu begeistern\u201c, erkl\u00e4rt Wingenfeld. Am wichtigsten sei es dabei, fu\u00cc\u02c6r mehr Frequenz in der Innenstadt zu sorgen.<!--more--><\/p>\n<p>Die Stadt k\u00f6nne sich zusammen mit privatem Engagement (City-Marketing und Interessensgemeinschaften) dafu\u00cc\u02c6r einsetzen, dass noch mehr attraktive Veranstaltungen angeboten wu\u00cc\u02c6rden, um sie zu einem Schaufenster und Erlebnisraum fu\u00cc\u02c6r die gesamte Region zu gestalten. Besonders wichtig w\u00e4re es auch, \u00c4rzte in der Innenstadt zu halten oder fu\u00cc\u02c6r diese zu gewinnen, denn h\u00e4ufig wu\u00cc\u02c6rden die Menschen aus der Region einen Arztbesuch mit einem Einkauf verbinden.<\/p>\n<p>Daru\u00cc\u02c6ber hinaus komme es darauf an, weiter an dem Parkplatzangebot und der Erreichbarkeit mit dem Bus zu arbeiten. \u201eEs gibt hier schon gute Ans\u00e4tze, wie zum Beispiel das 24-Stunden-Parken fu\u00cc\u02c6r einen Euro samstags am Rosengarten oder der Ochsenwiese. Ein g\u00e4nzlich kostenloses Parken halte ich weder fu\u00cc\u02c6r realistisch noch sinnvoll\u201c, berichtet Wingenfeld.<\/p>\n<p>\u201eIch will vielmehr daran arbeiten, dass noch mehr zentralgelegene Parkpl\u00e4tze geschaffen werden, um niedrige Preise bieten zu k\u00f6nnen. Insbesondere im Bereich rund um den Bahnhof gibt es noch Fl\u00e4chen, die man fu\u00cc\u02c6r kostengu\u00cc\u02c6nstiges Parken nutzen k\u00f6nnte\u201c, so Wingenfeld.<br \/>\n\u201eAu\u00dferdem kann der \u00f6ffentliche Nahverkehr noch verbessert werden, um den Weg in die Innenstadt attraktiver zu machen. Durch eine bessere Abstimmung der Busverbindungen zwischen der Stadt und den Landkreisgemeinden k\u00f6nnte es gelingen, noch mehr direkte Verbindungen in die Stadt zu erm\u00f6glichen, was auch der Umwelt zu Gute k\u00e4me\u201c, fu\u00cc\u02c6hrt der Kandidat aus.<\/p>\n<p>Schlie\u00dflich komme es auch weiterhin darauf an, den passenden Rahmen dafu\u00cc\u02c6r zu bieten, dass noch mehr Wohnraum innenstadtnah entstehe. \u201eIch habe den Eindruck, dass immer mehr Menschen in der Innenstadt wohnen m\u00f6chten, um die Einkaufsm\u00f6glichkeiten und kulturellen Angebote t\u00e4glich nutzen und erleben zu k\u00f6nnen\u201c, unterstreicht der OB-Kandidat. Dabei mu\u00cc\u02c6sse auch stets daran gearbeitet werden, die Innenstadt m\u00f6glichst barrierefrei zu gestalten.<\/p>\n<p>Dr. Wingenfeld bekr\u00e4ftigt seine Unterstu\u00cc\u02c6tzung fu\u00cc\u02c6r ein Einzelhandelskonzept, das sowohl die Stadt als auch die Stadtregion in den Blick nehme. \u201eEs ist wichtig, dass wir nicht nur einzelne Quartiere oder Objekte entwickeln, sondern eine Gesamtstrategie zur St\u00e4rkung der Innenstadt verfolgen\u201c, bekr\u00e4ftigt Wingenfeld.<\/p>\n","protected":false},"excerpt":{"rendered":"<div class=\"tmnf_excerpt\"><p>Fulda. OB-Kandidat Dr. Wingenfeld spricht sich dafu\u00cc\u02c6r aus, die Initiative fu\u00cc\u02c6r die Belebung der Innenstadt weiter zu verst\u00e4rken. \u201eMein Ziel ist es, mehr Menschen fu\u00cc\u02c6r die Innenstadt mit ihren Gesch\u00e4ften, ihrer Gastronomie und ihren Hotels zu begeistern\u201c, erkl\u00e4rt Wingenfeld. Am wichtigsten sei es dabei, fu\u00cc\u02c6r mehr Frequenz in der Innenstadt zu sorgen.<\/p>\n<\/div>","protected":false},"author":1,"featured_media":0,"comment_status":"closed","ping_status":"closed","sticky":false,"template":"","format":"standard","meta":{"footnotes":""},"categories":[1,29],"tags":[],"class_list":["post-134169","post","type-post","status-publish","format-standard","hentry","category-startseite","category-politik"],"_links":{"self":[{"href":"https:\/\/www.fuldaernachrichten.de\/index.php?rest_route=\/wp\/v2\/posts\/134169","targetHints":{"allow":["GET"]}}],"collection":[{"href":"https:\/\/www.fuldaernachrichten.de\/index.php?rest_route=\/wp\/v2\/posts"}],"about":[{"href":"https:\/\/www.fuldaernachrichten.de\/index.php?rest_route=\/wp\/v2\/types\/post"}],"author":[{"embeddable":true,"href":"https:\/\/www.fuldaernachrichten.de\/index.php?rest_route=\/wp\/v2\/users\/1"}],"replies":[{"embeddable":true,"href":"https:\/\/www.fuldaernachrichten.de\/index.php?rest_route=%2Fwp%2Fv2%2Fcomments&post=134169"}],"version-history":[{"count":1,"href":"https:\/\/www.fuldaernachrichten.de\/index.php?rest_route=\/wp\/v2\/posts\/134169\/revisions"}],"predecessor-version":[{"id":134170,"href":"https:\/\/www.fuldaernachrichten.de\/index.php?rest_route=\/wp\/v2\/posts\/134169\/revisions\/134170"}],"wp:attachment":[{"href":"https:\/\/www.fuldaernachrichten.de\/index.php?rest_route=%2Fwp%2Fv2%2Fmedia&parent=134169"}],"wp:term":[{"taxonomy":"category","embeddable":true,"href":"https:\/\/www.fuldaernachrichten.de\/index.php?rest_route=%2Fwp%2Fv2%2Fcategories&post=134169"},{"taxonomy":"post_tag","embeddable":true,"href":"https:\/\/www.fuldaernachrichten.de\/index.php?rest_route=%2Fwp%2Fv2%2Ftags&post=134169"}],"curies":[{"name":"wp","href":"https:\/\/api.w.org\/{rel}","templated":true}]}}