{"id":134167,"date":"2015-01-26T09:54:18","date_gmt":"2015-01-26T08:54:18","guid":{"rendered":"http:\/\/www.fuldaer-nachrichten.de\/?p=134167"},"modified":"2015-01-26T09:54:18","modified_gmt":"2015-01-26T08:54:18","slug":"spd-ob-kandidatin-stellt-ihr-konzept-zur-innenstadt-vor-koempel-offensive-fuer-die-innenstadt","status":"publish","type":"post","link":"https:\/\/www.fuldaernachrichten.de\/?p=134167","title":{"rendered":"SPD-OB-Kandidatin stellt Ihr Konzept zur Innenstadt vor K\u00f6mpel: Offensive f\u00fcr die Innenstadt"},"content":{"rendered":"<p>Fulda. Die Bundestagsabgeordnete und OB-Kandidatin der SPD Birgit K\u00f6mpel hat ihr Konzept zur St\u00e4rkung der Innenstadt vorgestellt. &#8220;Fulda hat eine tolle Innenstadt mit einem spannenden Mix aus kleineren Fachh\u00e4ndlern und gr\u00f6\u00dferen Gesch\u00e4ften und trotzdem steht die Innenstadt vor gro\u00dfen Herausforderungen&#8221;, stellt die 47-J\u00e4hrige fest. Die gr\u00fcne Wiese und vor allem das Onlineshopping machten vielen H\u00e4ndlern sehr zu schaffen. Fulda brauche deshalb eine &#8220;Offensive f\u00fcr die Innenstadt&#8221;.<!--more--><\/p>\n<p>&#8220;Ein wichtiger Bestandteil dieser Offensive ist die St\u00e4rkung des Standortmarketing&#8221;, erl\u00e4utert die langj\u00e4hrige Unternehmerin. Ein modernes Citymarketing bem\u00fche sich um ein Erlebnis Innenstadt. &#8220;Es m\u00fcssen mehr Attraktionen und Anl\u00e4sse geschaffen werden, um Menschen in die Fuldaer Innenstadt zu locken&#8221; fordert die Sozialdemokratin. Zudem m\u00fcsse Fulda noch mehr als Tor zur Rh\u00f6n vermarktet werden. &#8220;Der ,Rh\u00f6ner Charme&#8217; geh\u00f6rt nach Fulda!&#8221;, so K\u00f6mpel. Auch beim Wochenmarkt und vor allem beim Weihnachtsmarkt gebe es noch Verbesserungspotential. &#8220;Die Friedrichstra\u00dfe w\u00fcrde sich aus meiner Sicht gut f\u00fcr den Weihnachtsmarkt eignen&#8221;, erkl\u00e4rt K\u00f6mpel.<\/p>\n<p>Als weiteren Baustein nennt K\u00f6mpel die Parkplatzsituation: &#8220;Um mit den Einkaufszentren auf der gr\u00fcnen Wiese konkurrieren zu k\u00f6nnen, sollten auch die Parkpl\u00e4tze in der Innenstadt konkurrenzf\u00e4hig sein&#8221;. K\u00f6mpel schl\u00e4gt vor, die Parkpl\u00e4tze in st\u00e4dtischen Parkh\u00e4usern in der Woche ab 16 Uhr und den gesamten Samstag zun\u00e4chst versuchsweise kostenlos anzubieten.<\/p>\n<p>Auch die Verweilqualit\u00e4t in der Innenstadt sei ausbauf\u00e4hig. Hier nennt K\u00f6mpel vor allem die Umwandlung der Friedrichstra\u00dfe in eine Fu\u00dfg\u00e4ngerzone. Wichtig sei auch eine L\u00f6sung beim L\u00f6hertorzentrum. &#8220;Die Eigent\u00fcmerin ist vom CDU-dominierten Magistrat bisher mit Samthandschuhen angefasst worden. Damit kann sie nicht mehr rechnen, wenn ich Oberb\u00fcrgermeisterin werden sollte&#8221;, k\u00fcndigt K\u00f6mpel an. Es komme gar nicht so sehr darauf an, ob das Konzept, das letztendlich umgesetzt werde, auch Wohnraum vorsehe. Entscheidend sei, dass es \u00fcberhaupt vorangehe.<\/p>\n<p>Als letzten Punkt nennt K\u00f6mpel den Universit\u00e4tsplatz: &#8220;Der Universit\u00e4tsplatz hat sich durch den Umbau stark verbessert, wenngleich das rutschige und br\u00fcchige Pflaster wohl nicht die beste Wahl war. Aber ein solcher zentraler Platz br\u00e4uchte noch mehr Belebung.&#8221; Hierzu brauche man weniger Banken daf\u00fcr aber mehr Einzelhandel oder Gastronomie. &#8220;Wenn ich meiner Phantasie freien Lauf lasse, k\u00f6nnte ich mir aber auch ein modernes Einkaufszentrum unter Einbindung des Karstadt-Geb\u00e4udes, des Patronatsbaus und des C&amp;A-Geb\u00e4udes vorstellen. In vielen St\u00e4dten hat ein solches Zentrum zur sp\u00fcrbaren Belebung der Innenst\u00e4dte gef\u00fchrt, von der letztendlich alle profitiert haben.&#8221;, erkl\u00e4rt K\u00f6mpel.<\/p>\n<p>Ausdr\u00fccklich begr\u00fc\u00dfte die OB-Kandidatin, dass ein Einzelhandelskonzept mit den Umlandgemeinden erarbeitet werden solle. &#8220;Das reicht aber lange nicht aus, zumal die Interessenlage doch sehr unterschiedlich sein d\u00fcrfte.&#8221;, erl\u00e4utert K\u00f6mpel abschlie\u00dfend.<\/p>\n","protected":false},"excerpt":{"rendered":"<div class=\"tmnf_excerpt\"><p>Fulda. Die Bundestagsabgeordnete und OB-Kandidatin der SPD Birgit K\u00f6mpel hat ihr Konzept zur St\u00e4rkung der Innenstadt vorgestellt. &#8220;Fulda hat eine tolle Innenstadt mit einem spannenden Mix aus kleineren Fachh\u00e4ndlern und gr\u00f6\u00dferen Gesch\u00e4ften und trotzdem steht die Innenstadt vor gro\u00dfen Herausforderungen&#8221;, stellt die 47-J\u00e4hrige fest. Die gr\u00fcne Wiese und vor allem das Onlineshopping machten vielen H\u00e4ndlern &hellip;<\/p>\n<\/div>","protected":false},"author":1,"featured_media":0,"comment_status":"closed","ping_status":"closed","sticky":false,"template":"","format":"standard","meta":{"footnotes":""},"categories":[1,29],"tags":[],"class_list":["post-134167","post","type-post","status-publish","format-standard","hentry","category-startseite","category-politik"],"_links":{"self":[{"href":"https:\/\/www.fuldaernachrichten.de\/index.php?rest_route=\/wp\/v2\/posts\/134167","targetHints":{"allow":["GET"]}}],"collection":[{"href":"https:\/\/www.fuldaernachrichten.de\/index.php?rest_route=\/wp\/v2\/posts"}],"about":[{"href":"https:\/\/www.fuldaernachrichten.de\/index.php?rest_route=\/wp\/v2\/types\/post"}],"author":[{"embeddable":true,"href":"https:\/\/www.fuldaernachrichten.de\/index.php?rest_route=\/wp\/v2\/users\/1"}],"replies":[{"embeddable":true,"href":"https:\/\/www.fuldaernachrichten.de\/index.php?rest_route=%2Fwp%2Fv2%2Fcomments&post=134167"}],"version-history":[{"count":1,"href":"https:\/\/www.fuldaernachrichten.de\/index.php?rest_route=\/wp\/v2\/posts\/134167\/revisions"}],"predecessor-version":[{"id":134168,"href":"https:\/\/www.fuldaernachrichten.de\/index.php?rest_route=\/wp\/v2\/posts\/134167\/revisions\/134168"}],"wp:attachment":[{"href":"https:\/\/www.fuldaernachrichten.de\/index.php?rest_route=%2Fwp%2Fv2%2Fmedia&parent=134167"}],"wp:term":[{"taxonomy":"category","embeddable":true,"href":"https:\/\/www.fuldaernachrichten.de\/index.php?rest_route=%2Fwp%2Fv2%2Fcategories&post=134167"},{"taxonomy":"post_tag","embeddable":true,"href":"https:\/\/www.fuldaernachrichten.de\/index.php?rest_route=%2Fwp%2Fv2%2Ftags&post=134167"}],"curies":[{"name":"wp","href":"https:\/\/api.w.org\/{rel}","templated":true}]}}