{"id":134164,"date":"2015-01-26T09:52:02","date_gmt":"2015-01-26T08:52:02","guid":{"rendered":"http:\/\/www.fuldaer-nachrichten.de\/?p=134164"},"modified":"2015-01-27T21:15:52","modified_gmt":"2015-01-27T20:15:52","slug":"wolf-bleuel-flausige-zeiten","status":"publish","type":"post","link":"https:\/\/www.fuldaernachrichten.de\/?p=134164","title":{"rendered":"WOLF &#038; BLEUEL &#8211; \u201eFLAUSIGE ZEITEN\u201c"},"content":{"rendered":"<p>Hofbieber. Endlich ist es da, dass digitale Verm\u00e4chtnis der beiden Multicomedians von WOLF &amp; BLEUEL. Als Essenz ihrer 20j\u00e4hrigen gemeinsamen Arbeit haben Wolfgang Mihm und Michael Bleuel ihre besten wortgewitzten Kleinkunstflausen auf 3 CD`s gebannt. \u201eFLAUSIGE ZEITEN\u201c ist randvoll mit geistreichen Pointen und Sie bekommen mit diesem einmaligen Zeitdokument ordentlich was auf die Ohrmuscheln: Einen Live-Mittschnitt des aktuellen Best-Off Programms, eine Scheibe mit Studioaufnahmen der Songs der beiden, sowie eine CD mit schr\u00e4gen Bonusflausen. Insgesamt 215 Minuten Flausen lauschen satt. Und das f\u00fcr nur unfassbare 15 Euro. Ein Must-Have f\u00fcr alle Fans.<!--more--><\/p>\n<p>Dieser flotte Dreier ist ab sofort erh\u00e4ltlich im MEDIA MARKT Fulda, bei der Tourist-Information in Hofbieber und telefonisch \u00fcber die Hotline 0661\/2929-288. Weitere Verkaufsstellen finden Sie auf <a href=\"http:\/\/www.wolf-bleuel.de\">www.wolf-bleuel.de<\/a>. Hinweis f\u00fcr Allergiker: Kann Spuren von Mundart enthalten!<\/p>\n","protected":false},"excerpt":{"rendered":"<div class=\"tmnf_excerpt\"><p>Hofbieber. Endlich ist es da, dass digitale Verm\u00e4chtnis der beiden Multicomedians von WOLF &amp; BLEUEL. Als Essenz ihrer 20j\u00e4hrigen gemeinsamen Arbeit haben Wolfgang Mihm und Michael Bleuel ihre besten wortgewitzten Kleinkunstflausen auf 3 CD`s gebannt. \u201eFLAUSIGE ZEITEN\u201c ist randvoll mit geistreichen Pointen und Sie bekommen mit diesem einmaligen Zeitdokument ordentlich was auf die Ohrmuscheln: Einen &hellip;<\/p>\n<\/div>","protected":false},"author":1,"featured_media":134165,"comment_status":"closed","ping_status":"closed","sticky":false,"template":"","format":"standard","meta":{"footnotes":""},"categories":[1,44],"tags":[],"class_list":["post-134164","post","type-post","status-publish","format-standard","has-post-thumbnail","hentry","category-startseite","category-kultur"],"_links":{"self":[{"href":"https:\/\/www.fuldaernachrichten.de\/index.php?rest_route=\/wp\/v2\/posts\/134164","targetHints":{"allow":["GET"]}}],"collection":[{"href":"https:\/\/www.fuldaernachrichten.de\/index.php?rest_route=\/wp\/v2\/posts"}],"about":[{"href":"https:\/\/www.fuldaernachrichten.de\/index.php?rest_route=\/wp\/v2\/types\/post"}],"author":[{"embeddable":true,"href":"https:\/\/www.fuldaernachrichten.de\/index.php?rest_route=\/wp\/v2\/users\/1"}],"replies":[{"embeddable":true,"href":"https:\/\/www.fuldaernachrichten.de\/index.php?rest_route=%2Fwp%2Fv2%2Fcomments&post=134164"}],"version-history":[{"count":2,"href":"https:\/\/www.fuldaernachrichten.de\/index.php?rest_route=\/wp\/v2\/posts\/134164\/revisions"}],"predecessor-version":[{"id":134277,"href":"https:\/\/www.fuldaernachrichten.de\/index.php?rest_route=\/wp\/v2\/posts\/134164\/revisions\/134277"}],"wp:featuredmedia":[{"embeddable":true,"href":"https:\/\/www.fuldaernachrichten.de\/index.php?rest_route=\/wp\/v2\/media\/134165"}],"wp:attachment":[{"href":"https:\/\/www.fuldaernachrichten.de\/index.php?rest_route=%2Fwp%2Fv2%2Fmedia&parent=134164"}],"wp:term":[{"taxonomy":"category","embeddable":true,"href":"https:\/\/www.fuldaernachrichten.de\/index.php?rest_route=%2Fwp%2Fv2%2Fcategories&post=134164"},{"taxonomy":"post_tag","embeddable":true,"href":"https:\/\/www.fuldaernachrichten.de\/index.php?rest_route=%2Fwp%2Fv2%2Ftags&post=134164"}],"curies":[{"name":"wp","href":"https:\/\/api.w.org\/{rel}","templated":true}]}}