{"id":134152,"date":"2015-01-26T09:34:59","date_gmt":"2015-01-26T08:34:59","guid":{"rendered":"http:\/\/www.fuldaer-nachrichten.de\/?p=134152"},"modified":"2015-01-27T21:16:41","modified_gmt":"2015-01-27T20:16:41","slug":"die-psalmen-und-ihr-dichter-konzert-des-staedtischen-konzertchores-winfridia-fulda","status":"publish","type":"post","link":"https:\/\/www.fuldaernachrichten.de\/?p=134152","title":{"rendered":"Die Psalmen und ihr Dichter &#8211; Konzert des St\u00e4dtischen Konzertchores Winfridia Fulda"},"content":{"rendered":"<p>Fulda. K\u00f6nig David steht im Mittelpunkt des Konzertes des St\u00e4dtischen Konzertchores Winfridia Fulda am Sonntag, den 1. M\u00e4rz 2015 um 19 Uhr im Festsaal der Fuldaer Orangerie. John Rutters Psalm 150, sowie die \u201eChichester Psalms\u201c Leonard Bernsteins und \u201eK\u00f6nig David\u201c von Arthur Honegger bilden das Programm dieses besonderen Konzertabends.<!--more--><\/p>\n<p>Den Psalm 150 wird das Vokalensemble Salto Vocale gemeinsam mit Orgel, Brass Ensemble und Percussion pr\u00e4sentieren. John Rutter gilt als einer der eifrigsten Komponisten der anglikanischen Kirchenmusik. Seine musikalische Welt ist gepr\u00e4gt vom englischen Knabenchorklang und den gro\u00dfen englischen Kathedralen.\u00c2\u00a0 Den Psalm 150 komponierte er anl\u00e4sslich des goldenen Thronjubil\u00e4ums der britischen K\u00f6nigin Elisabeth II.<\/p>\n<p>1965 schuf der Amerikaner Leonard Bernstein im Auftrag des Dekans der Kathedrale von Chichester die sogenannten \u201eChichester Psalms\u201c. Aus einer Sammlung verschiedenster Psalmen komponierte er ein dreis\u00e4tziges Werk. Um den liturgischen Charakter dieses Werks zu betonen, verwendet Bernstein die hebr\u00e4ische Sprache und fordert m\u00e4nnliche Solisten.<\/p>\n<p>Zugunsten der Verbindung zu dem dritten Werk des Konzertabends,\u00c2\u00a0 wird die aus Fulda stammende Mezzosopranistin Britta Glaser die Rolle des David \u00fcbernehmen. Den Abschluss des Abends bildet\u00c2\u00a0 Arthur Honeggers \u201eK\u00f6nig David\u201c. Neben der Erz\u00e4hlung der \u00fcberlieferten Lebensgeschichte sind auch immer wieder Psalmen Teil des Librettos. Sie \u00fcbernehmen zum Teil die Funktion der Turbach\u00f6re in den Bachschen Passionen, sind aber auch ariose Meditationen und Kommentare des Geschehens.<\/p>\n<p>Honeggers Umarbeitungen mit reduzierter Darsteller- bzw. Solistenzahl und die Instrumentierung f\u00fcr gro\u00dfes Orchester machten den Symphonischen Psalm einer gr\u00f6\u00dferen \u00d6ffentlichkeit zug\u00e4nglich und erfuhr weltweite Anerkennung. 1969 f\u00fchrte der St\u00e4dtische Konzertchor Winfridia unter Dr. Pessenlehner dieses Werk schon einmal in Fulda auf. Auch diesmal wird es in der fr\u00fchen Fassung f\u00fcr 18 Instrumentalisten, Chor, 3 Solisten und Sprecher und in deutscher Sprache erklingen. Der in Fulda bekannte Tenor Markus Ullmann und die K\u00f6lnerin Esther Hilsberg werden die weiteren Solopartien \u00fcbernehmen. Ingo Brosch vom Meininger Theater \u00fcbernimmt den Part des Sprechers.<\/p>\n<p>Karten gibt es in der STADT-Apotheke, Bahnhofstr. 12 sowie unter vorstand@konzertchor-fulda.de<\/p>\n","protected":false},"excerpt":{"rendered":"<div class=\"tmnf_excerpt\"><p>Fulda. K\u00f6nig David steht im Mittelpunkt des Konzertes des St\u00e4dtischen Konzertchores Winfridia Fulda am Sonntag, den 1. M\u00e4rz 2015 um 19 Uhr im Festsaal der Fuldaer Orangerie. John Rutters Psalm 150, sowie die \u201eChichester Psalms\u201c Leonard Bernsteins und \u201eK\u00f6nig David\u201c von Arthur Honegger bilden das Programm dieses besonderen Konzertabends.<\/p>\n<\/div>","protected":false},"author":1,"featured_media":134153,"comment_status":"closed","ping_status":"closed","sticky":false,"template":"","format":"standard","meta":{"footnotes":""},"categories":[1,44],"tags":[],"class_list":["post-134152","post","type-post","status-publish","format-standard","has-post-thumbnail","hentry","category-startseite","category-kultur"],"_links":{"self":[{"href":"https:\/\/www.fuldaernachrichten.de\/index.php?rest_route=\/wp\/v2\/posts\/134152","targetHints":{"allow":["GET"]}}],"collection":[{"href":"https:\/\/www.fuldaernachrichten.de\/index.php?rest_route=\/wp\/v2\/posts"}],"about":[{"href":"https:\/\/www.fuldaernachrichten.de\/index.php?rest_route=\/wp\/v2\/types\/post"}],"author":[{"embeddable":true,"href":"https:\/\/www.fuldaernachrichten.de\/index.php?rest_route=\/wp\/v2\/users\/1"}],"replies":[{"embeddable":true,"href":"https:\/\/www.fuldaernachrichten.de\/index.php?rest_route=%2Fwp%2Fv2%2Fcomments&post=134152"}],"version-history":[{"count":2,"href":"https:\/\/www.fuldaernachrichten.de\/index.php?rest_route=\/wp\/v2\/posts\/134152\/revisions"}],"predecessor-version":[{"id":134278,"href":"https:\/\/www.fuldaernachrichten.de\/index.php?rest_route=\/wp\/v2\/posts\/134152\/revisions\/134278"}],"wp:featuredmedia":[{"embeddable":true,"href":"https:\/\/www.fuldaernachrichten.de\/index.php?rest_route=\/wp\/v2\/media\/134153"}],"wp:attachment":[{"href":"https:\/\/www.fuldaernachrichten.de\/index.php?rest_route=%2Fwp%2Fv2%2Fmedia&parent=134152"}],"wp:term":[{"taxonomy":"category","embeddable":true,"href":"https:\/\/www.fuldaernachrichten.de\/index.php?rest_route=%2Fwp%2Fv2%2Fcategories&post=134152"},{"taxonomy":"post_tag","embeddable":true,"href":"https:\/\/www.fuldaernachrichten.de\/index.php?rest_route=%2Fwp%2Fv2%2Ftags&post=134152"}],"curies":[{"name":"wp","href":"https:\/\/api.w.org\/{rel}","templated":true}]}}