{"id":134146,"date":"2015-01-26T09:27:30","date_gmt":"2015-01-26T08:27:30","guid":{"rendered":"http:\/\/www.fuldaer-nachrichten.de\/?p=134146"},"modified":"2015-01-26T09:27:30","modified_gmt":"2015-01-26T08:27:30","slug":"erzieherin-ueber-drei-generationen-verabschiedung-von-baerbel-wingefeld","status":"publish","type":"post","link":"https:\/\/www.fuldaernachrichten.de\/?p=134146","title":{"rendered":"Erzieherin \u00fcber drei Generationen \u2013 Verabschiedung von B\u00c4RBEL WINGEFELD"},"content":{"rendered":"<div id=\"attachment_134147\" style=\"width: 275px\" class=\"wp-caption alignleft\"><img decoding=\"async\" aria-describedby=\"caption-attachment-134147\" class=\"size-thumbnail wp-image-134147\" src=\"http:\/\/www.fuldaer-nachrichten.de\/wp-content\/uploads\/2015\/01\/Wingenfeld_001-265x176.jpg\" alt=\"Pfarrer Fried-Wilhelm Kohl verabschiedet B\u00e4rbel Wingefeld \/ Fotos: Walter Rammler\" width=\"265\" height=\"176\" srcset=\"https:\/\/www.fuldaernachrichten.de\/wp-content\/uploads\/2015\/01\/Wingenfeld_001-265x176.jpg 265w, https:\/\/www.fuldaernachrichten.de\/wp-content\/uploads\/2015\/01\/Wingenfeld_001.jpg 600w\" sizes=\"(max-width: 265px) 100vw, 265px\" \/><p id=\"caption-attachment-134147\" class=\"wp-caption-text\">Pfarrer Fried-Wilhelm Kohl verabschiedet B\u00e4rbel Wingefeld \/ Fotos: Walter Rammler<\/p><\/div>\n<p>Fulda. Im Gottesdienst der Christuskirchengemeinde Fulda wurde B\u00e4rbel Wingefeld nach fast 48 Jahren im Beruf als Erzieherin und Leiterin der Kindertagesst\u00e4tte \u201eChristuskirche Fulda\u201c von Pfarrer Fried-Wilhelm Kohl in den Ruhestand verabschiedet.\u00c2\u00a0 Er wies darauf hin, dass inzwischen Enkel von Kindern aus ihren ersten Kindergarten-Gruppen betreut w\u00fcrden.<br \/>\nDie \u00e4lteren Kinder trugen auf der Melodie von \u201eDanke f\u00fcr diesen guten Morgen\u201c ein Danklied auf die scheidende Leiterin vor.<!--more--><\/p>\n<p>Einige Erzieherinnen der Einrichtung reihten sich in das F\u00fcrbittengebet ein. Der Posaunenchor der Ev. Gesamtgemeinde Fulda begleitete die gemeinsamen Lieder. Pfarrer Kohl w\u00fcnscht Frau Wingefeld f\u00fcr die Zeit ihres Ruhestandes alle Gute und segnet sie f\u00fcr ihren neuen Lebensabschnitt.<\/p>\n<div id=\"attachment_134148\" style=\"width: 275px\" class=\"wp-caption alignleft\"><img decoding=\"async\" aria-describedby=\"caption-attachment-134148\" class=\"size-thumbnail wp-image-134148\" src=\"http:\/\/www.fuldaer-nachrichten.de\/wp-content\/uploads\/2015\/01\/Wingenfeld_023-265x176.jpg\" alt=\"Besucher aus allen Generationen verabschieden die langj\u00e4hrige Kindergartenleiterin  \" width=\"265\" height=\"176\" srcset=\"https:\/\/www.fuldaernachrichten.de\/wp-content\/uploads\/2015\/01\/Wingenfeld_023-265x176.jpg 265w, https:\/\/www.fuldaernachrichten.de\/wp-content\/uploads\/2015\/01\/Wingenfeld_023.jpg 600w\" sizes=\"(max-width: 265px) 100vw, 265px\" \/><p id=\"caption-attachment-134148\" class=\"wp-caption-text\">Besucher aus allen Generationen verabschieden die langj\u00e4hrige Kindergartenleiterin<\/p><\/div>\n<p>Viele Eltern und Kinder sowie Weggef\u00e4hrten kamen ins Evangelische Zentrum \u201eHaus Oranien\u201c, um Frau Wingefeld f\u00fcr ihren \u201eEinsatz zum Wohl der Kinder\u201c zu danken. Der Puppenspieler\u00c2\u00a0 Andreas Wahler lie\u00df eine \u201eGro\u00dfmutter an F\u00e4den\u201c am\u00fcsante Details aus dem Berufsleben von B\u00e4rbel Wingefeld berichten und erheiterte damit Jung und Alt. Eine musikalische Einlage mit Querfl\u00f6te (Stephanie Vautz) und Fl\u00fcgel (Joachim Enders) schloss sich an.<\/p>\n<p>Die Gr\u00fc\u00dfe des Verbandes Evangelischer Kindertagesst\u00e4tten der Evangelischen Kirche von Kurhessen-Waldeck und der Diakonie Hessen \u00fcberbrachte dessen Gesch\u00e4ftsf\u00fchrerin Regine Haber-Seyfahrt. Der Vorsitzende des Elternbeirats, Felix Rudolph von Niebelsch\u00fctz, \u00fcberreichte ein von Eltern und Kindern erstelltes Buch mit Erinnerungen und guten W\u00fcnschen. Er dankte Frau Wingefeld f\u00fcr ihr Engagement und w\u00fcnschte ihr das Beste f\u00fcr ihre Zukunft.<\/p>\n<p>Eine schier unendlich wirkende Menschenschlange stand nach dem Gottesdienst an, um sich pers\u00f6nlich von der ehemaligen Kindergartenleiterin zu verabschieden.<\/p>\n","protected":false},"excerpt":{"rendered":"<div class=\"tmnf_excerpt\"><p>Fulda. Im Gottesdienst der Christuskirchengemeinde Fulda wurde B\u00e4rbel Wingefeld nach fast 48 Jahren im Beruf als Erzieherin und Leiterin der Kindertagesst\u00e4tte \u201eChristuskirche Fulda\u201c von Pfarrer Fried-Wilhelm Kohl in den Ruhestand verabschiedet.\u00c2\u00a0 Er wies darauf hin, dass inzwischen Enkel von Kindern aus ihren ersten Kindergarten-Gruppen betreut w\u00fcrden. Die \u00e4lteren Kinder trugen auf der Melodie von \u201eDanke &hellip;<\/p>\n<\/div>","protected":false},"author":1,"featured_media":0,"comment_status":"closed","ping_status":"closed","sticky":false,"template":"","format":"standard","meta":{"footnotes":""},"categories":[1,50],"tags":[],"class_list":["post-134146","post","type-post","status-publish","format-standard","hentry","category-startseite","category-kirche"],"_links":{"self":[{"href":"https:\/\/www.fuldaernachrichten.de\/index.php?rest_route=\/wp\/v2\/posts\/134146","targetHints":{"allow":["GET"]}}],"collection":[{"href":"https:\/\/www.fuldaernachrichten.de\/index.php?rest_route=\/wp\/v2\/posts"}],"about":[{"href":"https:\/\/www.fuldaernachrichten.de\/index.php?rest_route=\/wp\/v2\/types\/post"}],"author":[{"embeddable":true,"href":"https:\/\/www.fuldaernachrichten.de\/index.php?rest_route=\/wp\/v2\/users\/1"}],"replies":[{"embeddable":true,"href":"https:\/\/www.fuldaernachrichten.de\/index.php?rest_route=%2Fwp%2Fv2%2Fcomments&post=134146"}],"version-history":[{"count":1,"href":"https:\/\/www.fuldaernachrichten.de\/index.php?rest_route=\/wp\/v2\/posts\/134146\/revisions"}],"predecessor-version":[{"id":134149,"href":"https:\/\/www.fuldaernachrichten.de\/index.php?rest_route=\/wp\/v2\/posts\/134146\/revisions\/134149"}],"wp:attachment":[{"href":"https:\/\/www.fuldaernachrichten.de\/index.php?rest_route=%2Fwp%2Fv2%2Fmedia&parent=134146"}],"wp:term":[{"taxonomy":"category","embeddable":true,"href":"https:\/\/www.fuldaernachrichten.de\/index.php?rest_route=%2Fwp%2Fv2%2Fcategories&post=134146"},{"taxonomy":"post_tag","embeddable":true,"href":"https:\/\/www.fuldaernachrichten.de\/index.php?rest_route=%2Fwp%2Fv2%2Ftags&post=134146"}],"curies":[{"name":"wp","href":"https:\/\/api.w.org\/{rel}","templated":true}]}}