{"id":134119,"date":"2015-01-23T00:18:53","date_gmt":"2015-01-22T23:18:53","guid":{"rendered":"http:\/\/www.fuldaer-nachrichten.de\/?p=134119"},"modified":"2015-01-22T18:42:42","modified_gmt":"2015-01-22T17:42:42","slug":"pflegedienstleiter-legen-fuer-alle-sozialstationen-im-bistum-fulda-ein-fertiges-qualitaetshandbuch-vor","status":"publish","type":"post","link":"https:\/\/www.fuldaernachrichten.de\/?p=134119","title":{"rendered":"Pflegedienstleiter legen f\u00fcr alle Sozialstationen im Bistum Fulda ein fertiges Qualit\u00e4tshandbuch vor"},"content":{"rendered":"<p><img decoding=\"async\" class=\"alignleft size-thumbnail wp-image-134120\" src=\"http:\/\/www.fuldaer-nachrichten.de\/wp-content\/uploads\/2015\/01\/zu-08-cs_QM-Handbuch_RCV_cs1214_IMG_6771-265x172.jpg\" alt=\"zu 08-cs_QM-Handbuch_RCV_cs1214_IMG_6771\" width=\"265\" height=\"172\" srcset=\"https:\/\/www.fuldaernachrichten.de\/wp-content\/uploads\/2015\/01\/zu-08-cs_QM-Handbuch_RCV_cs1214_IMG_6771-265x172.jpg 265w, https:\/\/www.fuldaernachrichten.de\/wp-content\/uploads\/2015\/01\/zu-08-cs_QM-Handbuch_RCV_cs1214_IMG_6771.jpg 600w\" sizes=\"(max-width: 265px) 100vw, 265px\" \/>Fulda (cif). Rechtzeitig zum Jahreswechsel gab es im Qualit\u00e4tszirkel der Ambulanten Pflege guten Grund zum Feiern: Die Arbeitsgruppe der Pflegedienstleiter aller Sozialstationen der Regional-Caritasverb\u00e4nde im Bistum Fulda hatte ihr Projekt \u201eQualit\u00e4tshandbuch\u201c (QM) erfolgreich zum Abschluss gebracht und konnte den Gesch\u00e4ftsf\u00fchrern der beteiligten Verb\u00e4nde das fertige, imposante Buch f\u00fcr einen guten Start ins Jahr 2015 \u00fcberreichen.<!--more--><\/p>\n<p>In den vergangenen 18 Monaten katalogisierte die Projektgruppe alle Arbeitsabl\u00e4ufe einer modernen, dem bed\u00fcrftigen Menschen zugewandten Pflege im ambulanten Dienst und fasste diese verbindlich und nachvollziehbar in einem Qualit\u00e4tshandbuch zusammen. Fachliche Hilfe erhielt der Zirkel von Volker M\u00fcnch von der auf Qualit\u00e4tsmanagement spezialisierten BAP Unternehmensberatung mit Sitz in Obertshausen, der den Prozess von Anfang an begleitet und nun auch bei der \u00dcbergabe des fertigen Werks an die Gesch\u00e4ftsf\u00fchrer Robert Fl\u00f6rchinger aus Hanau (Caritas im Main-Kinzig-Kreis), Christian Reuter aus Fulda (Caritas in den Regionen Fulda und Geisa) sowie Meinolf Schaefers aus Kassel (Caritas Nordhessen-Kassel) mit dabei war. Gesch\u00e4ftsf\u00fchrer Bernd Kr\u00e4mer von der Caritas Marburg konnte den Termin nicht wahrnehmen.<\/p>\n<p>Die Leiter der Regional-Caritasverb\u00e4nde nahmen die Arbeitsb\u00fccher mit Dank entgegen; sie unterstrichen, dass diese koordinierte Arbeit zwischen mehreren Verb\u00e4nde beispielhaft sei, und dass das Resultat \u201enicht f\u00fcr die Schublade\u201c gemacht sei, sondern unbedingt zum Einsatz kommen und auch in Zukunft immer wieder weiter entwickelt werden solle. In ihrer Antwort legten die Pflegedienstleiter dar, dass sie den Auftrag zu dem Projekt als ausdr\u00fccklichen Vertrauensbeweis der Gesch\u00e4ftsleitung verstanden hatten und auch f\u00fcr die Zukunft bereit seien, Mitverantwortung f\u00fcr das eigene Arbeitsfeld im Rahmen von neuen Projekten zu \u00fcbernehmen.<\/p>\n<p>F\u00fcr den Di\u00f6zesan-Caritasverband Fulda sprach der Ressortleiter Altenhilfe, Achim Eng. Er gratulierte zum Erfolg des Projektes und empfahl den Akteuren, in diesem Sinne die sich abzeichnenden weiteren Fragen der Zukunft wie zum Beispiel das Problem der demographischen Entwicklung und des damit verbundenen Bev\u00f6lkerungsr\u00fcckgangs im l\u00e4ndlichen Raum zielorientiert und ohne Scheu anzugehen.<\/p>\n","protected":false},"excerpt":{"rendered":"<div class=\"tmnf_excerpt\"><p>Fulda (cif). Rechtzeitig zum Jahreswechsel gab es im Qualit\u00e4tszirkel der Ambulanten Pflege guten Grund zum Feiern: Die Arbeitsgruppe der Pflegedienstleiter aller Sozialstationen der Regional-Caritasverb\u00e4nde im Bistum Fulda hatte ihr Projekt \u201eQualit\u00e4tshandbuch\u201c (QM) erfolgreich zum Abschluss gebracht und konnte den Gesch\u00e4ftsf\u00fchrern der beteiligten Verb\u00e4nde das fertige, imposante Buch f\u00fcr einen guten Start ins Jahr 2015 \u00fcberreichen.<\/p>\n<\/div>","protected":false},"author":1,"featured_media":0,"comment_status":"closed","ping_status":"closed","sticky":false,"template":"","format":"standard","meta":{"footnotes":""},"categories":[1,51],"tags":[],"class_list":["post-134119","post","type-post","status-publish","format-standard","hentry","category-startseite","category-medizin"],"_links":{"self":[{"href":"https:\/\/www.fuldaernachrichten.de\/index.php?rest_route=\/wp\/v2\/posts\/134119","targetHints":{"allow":["GET"]}}],"collection":[{"href":"https:\/\/www.fuldaernachrichten.de\/index.php?rest_route=\/wp\/v2\/posts"}],"about":[{"href":"https:\/\/www.fuldaernachrichten.de\/index.php?rest_route=\/wp\/v2\/types\/post"}],"author":[{"embeddable":true,"href":"https:\/\/www.fuldaernachrichten.de\/index.php?rest_route=\/wp\/v2\/users\/1"}],"replies":[{"embeddable":true,"href":"https:\/\/www.fuldaernachrichten.de\/index.php?rest_route=%2Fwp%2Fv2%2Fcomments&post=134119"}],"version-history":[{"count":1,"href":"https:\/\/www.fuldaernachrichten.de\/index.php?rest_route=\/wp\/v2\/posts\/134119\/revisions"}],"predecessor-version":[{"id":134121,"href":"https:\/\/www.fuldaernachrichten.de\/index.php?rest_route=\/wp\/v2\/posts\/134119\/revisions\/134121"}],"wp:attachment":[{"href":"https:\/\/www.fuldaernachrichten.de\/index.php?rest_route=%2Fwp%2Fv2%2Fmedia&parent=134119"}],"wp:term":[{"taxonomy":"category","embeddable":true,"href":"https:\/\/www.fuldaernachrichten.de\/index.php?rest_route=%2Fwp%2Fv2%2Fcategories&post=134119"},{"taxonomy":"post_tag","embeddable":true,"href":"https:\/\/www.fuldaernachrichten.de\/index.php?rest_route=%2Fwp%2Fv2%2Ftags&post=134119"}],"curies":[{"name":"wp","href":"https:\/\/api.w.org\/{rel}","templated":true}]}}