{"id":134111,"date":"2015-01-23T00:15:30","date_gmt":"2015-01-22T23:15:30","guid":{"rendered":"http:\/\/www.fuldaer-nachrichten.de\/?p=134111"},"modified":"2015-01-22T18:36:53","modified_gmt":"2015-01-22T17:36:53","slug":"neu-in-der-trachtenszene-der-alpenjogger-als-biologische-trachten-jogginghose-aus-den-ennstaler-alpen","status":"publish","type":"post","link":"https:\/\/www.fuldaernachrichten.de\/?p=134111","title":{"rendered":"Neu in der Trachtenszene: Der AlpenJogger als biologische Trachten-Jogginghose aus den Ennstaler Alpen"},"content":{"rendered":"<p><img fetchpriority=\"high\" decoding=\"async\" class=\"alignleft size-thumbnail wp-image-134112\" src=\"http:\/\/www.fuldaer-nachrichten.de\/wp-content\/uploads\/2015\/01\/image002-265x398.jpg\" alt=\"image002\" width=\"265\" height=\"398\" srcset=\"https:\/\/www.fuldaernachrichten.de\/wp-content\/uploads\/2015\/01\/image002-265x398.jpg 265w, https:\/\/www.fuldaernachrichten.de\/wp-content\/uploads\/2015\/01\/image002-177x265.jpg 177w, https:\/\/www.fuldaernachrichten.de\/wp-content\/uploads\/2015\/01\/image002-400x600.jpg 400w, https:\/\/www.fuldaernachrichten.de\/wp-content\/uploads\/2015\/01\/image002.jpg 600w\" sizes=\"(max-width: 265px) 100vw, 265px\" \/>Gr\u00f6bming. Es war vor genau einem Jahr, da hatte Herbert Bachler, der vom vulgo Wundersamerhof am Mitterberg bei Gr\u00f6bming stammt, die Idee f\u00fcr die erste Trachtenjogginghose. Diese Idee ist gut angekommen, gewachsen und weiter entwickelt worden. Denn in den neuen Trachten-Jogger aus der jungen Denkwerkstatt \u201eWundersam\u201c flie\u00dfen gleich zwei erfolgsversprechende Trends ein: Bio-Wohlf\u00fchlprodukte und der anhaltende Trend zur Tracht!<!--more--><\/p>\n<p>Der Auftrag war, die Jogginghose noch trendiger und ges\u00fcnder zu machen. Also nahm man die dunklen anthrazit Grundfarben des echten Steireranzugs und erg\u00e4nzte das Beinkleid mit den sog. Lampassen- Zierstreifen. Das Ergebnis: Der\u00c2\u00a0 \u201eAlpenJogger\u201c aus dem Hause \u201eWundersam\u201c. Der coole Baggy Schnitt in Kombination mit der hochwertigen Bio-Baumwolle, welche den strengen \u201eGOTS\u201c Auflagen entspricht (Global Organic Textile Standard, http:\/\/www.global-standard.org\/de\/) gibt dem Tr\u00e4ger die Gewissheit, Mode aus kontrolliert \u00f6kologischer Produktion und mit gesunden Anspr\u00fcchen (vom Bio-Baumwollfeld \u00fcber die F\u00e4rbung bis zum ethisch korrekt gefertigten Produkt) zu tragen.<\/p>\n<p>F\u00fcr welche Anl\u00e4sse auch immer, der AlpenJogger ist eine Allroundhose. Er sieht in der Damenversion mit High-Heels genauso cool aus, wie beim Joggen auf der Stra\u00dfe oder einfach nur in der Freizeit. Der AlpenJogger ist die salonf\u00e4hige Hose f\u00fcr die ganze Familie. Die verschiedenen Farben der Lampassen in hellgr\u00fcn, weinrot, blau oder pink sind &#8211; als T\u00fcpfelchen auf dem \u201ei\u201c &#8211; die Verquickung eines klassischen Elements mit modischen Anspr\u00fcchen. Cool, l\u00e4ssig, trachtig!<\/p>\n<p><img decoding=\"async\" class=\"alignleft size-thumbnail wp-image-134113\" src=\"http:\/\/www.fuldaer-nachrichten.de\/wp-content\/uploads\/2015\/01\/image003-265x398.jpg\" alt=\"image003\" width=\"265\" height=\"398\" srcset=\"https:\/\/www.fuldaernachrichten.de\/wp-content\/uploads\/2015\/01\/image003-265x398.jpg 265w, https:\/\/www.fuldaernachrichten.de\/wp-content\/uploads\/2015\/01\/image003-177x265.jpg 177w, https:\/\/www.fuldaernachrichten.de\/wp-content\/uploads\/2015\/01\/image003-400x600.jpg 400w, https:\/\/www.fuldaernachrichten.de\/wp-content\/uploads\/2015\/01\/image003.jpg 600w\" sizes=\"(max-width: 265px) 100vw, 265px\" \/>Aus der steirischen Jogginghosenmanufaktur kommen nur Einzelst\u00fccke und jedes wird in in Handarbeit produziert. Als erste prominente Tr\u00e4ger des AlpenJoggers konnten die steirischen \u201eHip-Hop\u201c T\u00e4nzerinnen aus der \u201eGro\u00dfen Chance\u201c, Missy DanceClub, sowie Manfred \u201eCook\u201c Koch von Egon7 als Aush\u00e4ngeschilder gewonnen werden.<\/p>\n<p>Ein Kultkleidungsst\u00fcck f\u00fcrs Leben, das am Tag der Jogginghose \u201eoffiziell\u201c vorgestellt wird. Der wundersame AlpenJogger\u00c2\u00a0 wurde von Dominik Bachler (dem Sohn von Herbert Bachler) zur Serienreife entwickelt und ist ab sofort unter der Marke\u00c2\u00a0 \u201eWundersam\u201c\u00c2\u00a0 ab 59,&#8211; Euro f\u00fcr Kinder und um 79,&#8211;Euro f\u00fcr Erwachsene im Internet unter www.wundersam.at zu haben.<\/p>\n<p>\u00dcbrigens: Der Name \u201eWundersam\u201c steht f\u00fcr Heimat und Tradition, denn die Familie Bachler stammt vom vulgo Wundersamerhof, einem Bergbauernhof im Ennstal, der erstmals 1825 urkundlich erw\u00e4hnt wurde und der mit dem AlpenJogger weiter lebt, auch das ist Tradition!<br \/>\n(Bezugsquelle: Dominik Bachler, Bachler &#8211; Wundersam e.U., Buchenweg 798, A-8962 Gr\u00f6bming)<\/p>\n","protected":false},"excerpt":{"rendered":"<div class=\"tmnf_excerpt\"><p>Gr\u00f6bming. Es war vor genau einem Jahr, da hatte Herbert Bachler, der vom vulgo Wundersamerhof am Mitterberg bei Gr\u00f6bming stammt, die Idee f\u00fcr die erste Trachtenjogginghose. Diese Idee ist gut angekommen, gewachsen und weiter entwickelt worden. Denn in den neuen Trachten-Jogger aus der jungen Denkwerkstatt \u201eWundersam\u201c flie\u00dfen gleich zwei erfolgsversprechende Trends ein: Bio-Wohlf\u00fchlprodukte und der &hellip;<\/p>\n<\/div>","protected":false},"author":1,"featured_media":0,"comment_status":"closed","ping_status":"closed","sticky":false,"template":"","format":"standard","meta":{"footnotes":""},"categories":[1],"tags":[],"class_list":["post-134111","post","type-post","status-publish","format-standard","hentry","category-startseite"],"_links":{"self":[{"href":"https:\/\/www.fuldaernachrichten.de\/index.php?rest_route=\/wp\/v2\/posts\/134111","targetHints":{"allow":["GET"]}}],"collection":[{"href":"https:\/\/www.fuldaernachrichten.de\/index.php?rest_route=\/wp\/v2\/posts"}],"about":[{"href":"https:\/\/www.fuldaernachrichten.de\/index.php?rest_route=\/wp\/v2\/types\/post"}],"author":[{"embeddable":true,"href":"https:\/\/www.fuldaernachrichten.de\/index.php?rest_route=\/wp\/v2\/users\/1"}],"replies":[{"embeddable":true,"href":"https:\/\/www.fuldaernachrichten.de\/index.php?rest_route=%2Fwp%2Fv2%2Fcomments&post=134111"}],"version-history":[{"count":1,"href":"https:\/\/www.fuldaernachrichten.de\/index.php?rest_route=\/wp\/v2\/posts\/134111\/revisions"}],"predecessor-version":[{"id":134114,"href":"https:\/\/www.fuldaernachrichten.de\/index.php?rest_route=\/wp\/v2\/posts\/134111\/revisions\/134114"}],"wp:attachment":[{"href":"https:\/\/www.fuldaernachrichten.de\/index.php?rest_route=%2Fwp%2Fv2%2Fmedia&parent=134111"}],"wp:term":[{"taxonomy":"category","embeddable":true,"href":"https:\/\/www.fuldaernachrichten.de\/index.php?rest_route=%2Fwp%2Fv2%2Fcategories&post=134111"},{"taxonomy":"post_tag","embeddable":true,"href":"https:\/\/www.fuldaernachrichten.de\/index.php?rest_route=%2Fwp%2Fv2%2Ftags&post=134111"}],"curies":[{"name":"wp","href":"https:\/\/api.w.org\/{rel}","templated":true}]}}