{"id":134108,"date":"2015-01-22T09:50:47","date_gmt":"2015-01-22T08:50:47","guid":{"rendered":"http:\/\/www.fuldaer-nachrichten.de\/?p=134108"},"modified":"2015-01-22T09:50:47","modified_gmt":"2015-01-22T08:50:47","slug":"weimarer-kultur-express-im-bildungsunternehmen-dr-jordan","status":"publish","type":"post","link":"https:\/\/www.fuldaernachrichten.de\/?p=134108","title":{"rendered":"Weimarer Kultur-Express im Bildungsunternehmen Dr. Jordan"},"content":{"rendered":"<p><img decoding=\"async\" class=\"alignleft size-thumbnail wp-image-134109\" src=\"http:\/\/www.fuldaer-nachrichten.de\/wp-content\/uploads\/2015\/01\/DSC_0052-265x176.jpg\" alt=\"DSC_0052\" width=\"265\" height=\"176\" srcset=\"https:\/\/www.fuldaernachrichten.de\/wp-content\/uploads\/2015\/01\/DSC_0052-265x176.jpg 265w, https:\/\/www.fuldaernachrichten.de\/wp-content\/uploads\/2015\/01\/DSC_0052.jpg 600w\" sizes=\"(max-width: 265px) 100vw, 265px\" \/>Fulda. Bulimie und Magersucht \u2013 Krankheiten, die einen breiten Raum in der Gesellschaft einnehmen. Passend zu dieser Thematik hatte das Team des Bildungsunternehmens Dr. Jordan k\u00fcrzlich eine Theaterauff\u00fchrung f\u00fcr die Sch\u00fcler der sechsten bis achten Klassen organisiert: Die beiden Schauspielerinnen Stefanie Masnik und Bettina Brezinski des freien Jugend-Theaters \u201eWeimarer Kultur-Express\u201c zeigten das St\u00fcck \u201eDie perfekte Leere\u201c. Mit Witz und Humor, dennoch mit dem entsprechenden ernsthaften Hintergrund wurde auf die Gefahren einer Essst\u00f6rung aufmerksam gemacht. <!--more--><\/p>\n<p>Insbesondere f\u00fcr Jugendliche steht das \u00c4u\u00dfere im Fokus \u2013 Sch\u00f6nheit wird h\u00e4ufig mit einer Traumfigur assoziiert, wie sie Models auf internationalen Laufstegen pr\u00e4sentieren. Auch schulischer Druck kann weiterer Grund f\u00fcr eine Essst\u00f6rung sein. Bereits zum dritten Mal war der Weimarer Kultur-Express, der in seinen St\u00fccken regelm\u00e4\u00dfig Probleme des t\u00e4glichen Lebens von jungen Menschen aufgreift, zu Gast in der Fuldaer Schule. Im Anschluss an die Vorstellung wurde gemeinsam mit den Schauspielerinnen die Thematik diskutiert.<\/p>\n","protected":false},"excerpt":{"rendered":"<div class=\"tmnf_excerpt\"><p>Fulda. Bulimie und Magersucht \u2013 Krankheiten, die einen breiten Raum in der Gesellschaft einnehmen. Passend zu dieser Thematik hatte das Team des Bildungsunternehmens Dr. Jordan k\u00fcrzlich eine Theaterauff\u00fchrung f\u00fcr die Sch\u00fcler der sechsten bis achten Klassen organisiert: Die beiden Schauspielerinnen Stefanie Masnik und Bettina Brezinski des freien Jugend-Theaters \u201eWeimarer Kultur-Express\u201c zeigten das St\u00fcck \u201eDie perfekte &hellip;<\/p>\n<\/div>","protected":false},"author":1,"featured_media":0,"comment_status":"closed","ping_status":"closed","sticky":false,"template":"","format":"standard","meta":{"footnotes":""},"categories":[1,53],"tags":[],"class_list":["post-134108","post","type-post","status-publish","format-standard","hentry","category-startseite","category-bildung"],"_links":{"self":[{"href":"https:\/\/www.fuldaernachrichten.de\/index.php?rest_route=\/wp\/v2\/posts\/134108","targetHints":{"allow":["GET"]}}],"collection":[{"href":"https:\/\/www.fuldaernachrichten.de\/index.php?rest_route=\/wp\/v2\/posts"}],"about":[{"href":"https:\/\/www.fuldaernachrichten.de\/index.php?rest_route=\/wp\/v2\/types\/post"}],"author":[{"embeddable":true,"href":"https:\/\/www.fuldaernachrichten.de\/index.php?rest_route=\/wp\/v2\/users\/1"}],"replies":[{"embeddable":true,"href":"https:\/\/www.fuldaernachrichten.de\/index.php?rest_route=%2Fwp%2Fv2%2Fcomments&post=134108"}],"version-history":[{"count":1,"href":"https:\/\/www.fuldaernachrichten.de\/index.php?rest_route=\/wp\/v2\/posts\/134108\/revisions"}],"predecessor-version":[{"id":134110,"href":"https:\/\/www.fuldaernachrichten.de\/index.php?rest_route=\/wp\/v2\/posts\/134108\/revisions\/134110"}],"wp:attachment":[{"href":"https:\/\/www.fuldaernachrichten.de\/index.php?rest_route=%2Fwp%2Fv2%2Fmedia&parent=134108"}],"wp:term":[{"taxonomy":"category","embeddable":true,"href":"https:\/\/www.fuldaernachrichten.de\/index.php?rest_route=%2Fwp%2Fv2%2Fcategories&post=134108"},{"taxonomy":"post_tag","embeddable":true,"href":"https:\/\/www.fuldaernachrichten.de\/index.php?rest_route=%2Fwp%2Fv2%2Ftags&post=134108"}],"curies":[{"name":"wp","href":"https:\/\/api.w.org\/{rel}","templated":true}]}}