{"id":134105,"date":"2015-01-22T09:48:38","date_gmt":"2015-01-22T08:48:38","guid":{"rendered":"http:\/\/www.fuldaer-nachrichten.de\/?p=134105"},"modified":"2015-01-22T09:48:38","modified_gmt":"2015-01-22T08:48:38","slug":"oekumenische-bahnhofsmission-erhielt-schlafsaecke-gespendet","status":"publish","type":"post","link":"https:\/\/www.fuldaernachrichten.de\/?p=134105","title":{"rendered":"\u00d6kumenische Bahnhofsmission erhielt Schlafs\u00e4cke gespendet"},"content":{"rendered":"<div id=\"attachment_134106\" style=\"width: 275px\" class=\"wp-caption alignleft\"><img decoding=\"async\" aria-describedby=\"caption-attachment-134106\" class=\"size-thumbnail wp-image-134106\" src=\"http:\/\/www.fuldaer-nachrichten.de\/wp-content\/uploads\/2015\/01\/002-RCV-BM-Schlafsackspen-210115-wim-265x150.jpg\" alt=\"Annette Hartung und Anne M\u00fcller von doorout.com Fulda \u00fcbergaben die gesammelten Schlafs\u00e4cke als Spende an die \u00d6kumenische Bahnhofsmission Fulda, die Monika Niestroj (rechts) und Ehrenamtliche Renate Lahann (3.v.r.) gerne annahmen.\" width=\"265\" height=\"150\" srcset=\"https:\/\/www.fuldaernachrichten.de\/wp-content\/uploads\/2015\/01\/002-RCV-BM-Schlafsackspen-210115-wim-265x150.jpg 265w, https:\/\/www.fuldaernachrichten.de\/wp-content\/uploads\/2015\/01\/002-RCV-BM-Schlafsackspen-210115-wim.jpg 600w\" sizes=\"(max-width: 265px) 100vw, 265px\" \/><p id=\"caption-attachment-134106\" class=\"wp-caption-text\">Annette Hartung und Anne M\u00fcller von doorout.com Fulda \u00fcbergaben die gesammelten Schlafs\u00e4cke als Spende an die \u00d6kumenische Bahnhofsmission Fulda, die Monika Niestroj (rechts) und Ehrenamtliche Renate Lahann (3.v.r.) gerne annahmen.<\/p><\/div>\n<p>Fulda. In einer vorweihnachtlichen Aktion hat dooraut.com in der Frankfurter Stra\u00dfe in Fulda Schlafs\u00e4cke f\u00fcr Obdachlose gesammelt. Schlafsackk\u00e4ufer konnten ihren gebrauchten Schlafsack daf\u00fcr spenden und erhielten auf den Neukaufpreis 20 % Rabatt. Rechtzeitig vor Einbruch der K\u00e4lte \u00fcbergaben diese jetzt Mitarbeiterinnen und Mitarbeiter der Firma in den R\u00e4umlichkeiten der Bahnhofsmission. Man hoffe, damit einen guten Beitrag zur Versorgung der Obdachlosen geleistet zu haben, sagten die \u00dcberbringer. <!--more--><\/p>\n<p>Sie waren von der ehrenamtlichen Arbeit der Bahnhofsmission sehr beeindruckt und fanden mit \u201ewir ziehen unseren Hut vor den Mitarbeiterinnen und Mitarbeitern der Bahnhofsmission Fulda\u201c anerkennende Worte. Monika Niestroj, Caritas, Leiterin der \u00f6kumenischen Bahnhofsmission Fulda, dankte im Namen derjenigen, die in den Genuss eines Schlafsacks kommen werden und betonte, das Sach- und Geldspenden gerne angenommen w\u00fcrden. Au\u00dferdem suche man zur Erg\u00e4nzung der Teams immer engagierte Ehrenamtliche.<\/p>\n<p>Foto: doorout.com Fulda<\/p>\n","protected":false},"excerpt":{"rendered":"<div class=\"tmnf_excerpt\"><p>Fulda. In einer vorweihnachtlichen Aktion hat dooraut.com in der Frankfurter Stra\u00dfe in Fulda Schlafs\u00e4cke f\u00fcr Obdachlose gesammelt. Schlafsackk\u00e4ufer konnten ihren gebrauchten Schlafsack daf\u00fcr spenden und erhielten auf den Neukaufpreis 20 % Rabatt. Rechtzeitig vor Einbruch der K\u00e4lte \u00fcbergaben diese jetzt Mitarbeiterinnen und Mitarbeiter der Firma in den R\u00e4umlichkeiten der Bahnhofsmission. Man hoffe, damit einen guten &hellip;<\/p>\n<\/div>","protected":false},"author":1,"featured_media":0,"comment_status":"closed","ping_status":"closed","sticky":false,"template":"","format":"standard","meta":{"footnotes":""},"categories":[1,29],"tags":[],"class_list":["post-134105","post","type-post","status-publish","format-standard","hentry","category-startseite","category-politik"],"_links":{"self":[{"href":"https:\/\/www.fuldaernachrichten.de\/index.php?rest_route=\/wp\/v2\/posts\/134105","targetHints":{"allow":["GET"]}}],"collection":[{"href":"https:\/\/www.fuldaernachrichten.de\/index.php?rest_route=\/wp\/v2\/posts"}],"about":[{"href":"https:\/\/www.fuldaernachrichten.de\/index.php?rest_route=\/wp\/v2\/types\/post"}],"author":[{"embeddable":true,"href":"https:\/\/www.fuldaernachrichten.de\/index.php?rest_route=\/wp\/v2\/users\/1"}],"replies":[{"embeddable":true,"href":"https:\/\/www.fuldaernachrichten.de\/index.php?rest_route=%2Fwp%2Fv2%2Fcomments&post=134105"}],"version-history":[{"count":1,"href":"https:\/\/www.fuldaernachrichten.de\/index.php?rest_route=\/wp\/v2\/posts\/134105\/revisions"}],"predecessor-version":[{"id":134107,"href":"https:\/\/www.fuldaernachrichten.de\/index.php?rest_route=\/wp\/v2\/posts\/134105\/revisions\/134107"}],"wp:attachment":[{"href":"https:\/\/www.fuldaernachrichten.de\/index.php?rest_route=%2Fwp%2Fv2%2Fmedia&parent=134105"}],"wp:term":[{"taxonomy":"category","embeddable":true,"href":"https:\/\/www.fuldaernachrichten.de\/index.php?rest_route=%2Fwp%2Fv2%2Fcategories&post=134105"},{"taxonomy":"post_tag","embeddable":true,"href":"https:\/\/www.fuldaernachrichten.de\/index.php?rest_route=%2Fwp%2Fv2%2Ftags&post=134105"}],"curies":[{"name":"wp","href":"https:\/\/api.w.org\/{rel}","templated":true}]}}