{"id":134102,"date":"2015-01-22T09:47:05","date_gmt":"2015-01-22T08:47:05","guid":{"rendered":"http:\/\/www.fuldaer-nachrichten.de\/?p=134102"},"modified":"2015-01-22T09:47:05","modified_gmt":"2015-01-22T08:47:05","slug":"die-caritas-fulda-legt-auch-fuer-die-reisesaison-2015-ein-abwechslungsreiches-programm-vor","status":"publish","type":"post","link":"https:\/\/www.fuldaernachrichten.de\/?p=134102","title":{"rendered":"Die Caritas Fulda legt auch f\u00fcr die Reisesaison 2015 ein abwechslungsreiches Programm vor"},"content":{"rendered":"<p><img decoding=\"async\" class=\"alignleft size-thumbnail wp-image-134103\" src=\"http:\/\/www.fuldaer-nachrichten.de\/wp-content\/uploads\/2015\/01\/zu-07-cs_LuftbildFehmarn_IMG_1408-265x167.jpg\" alt=\"zu 07-cs_LuftbildFehmarn_IMG_1408\" width=\"265\" height=\"167\" srcset=\"https:\/\/www.fuldaernachrichten.de\/wp-content\/uploads\/2015\/01\/zu-07-cs_LuftbildFehmarn_IMG_1408-265x167.jpg 265w, https:\/\/www.fuldaernachrichten.de\/wp-content\/uploads\/2015\/01\/zu-07-cs_LuftbildFehmarn_IMG_1408.jpg 600w\" sizes=\"(max-width: 265px) 100vw, 265px\" \/>Fulda (cif). Das neue Programm der Caritas-Senioren-Reisen f\u00fcr das Jahr 2015 liegt bereits vor und ist f\u00fcr alle Interessierten kostenlos und unverbindlich erh\u00e4ltlich: einfach anfordern beim Caritasverband f\u00fcr die Di\u00f6zese Fulda (Tel.0661 \/ 2428-131 oder per E-Mail unter <a href=\"mailto:monika.kuhnke@caritas-fulda.de\">monika.kuhnke@caritas-fulda.de<\/a>). Auch online unter <a href=\"http:\/\/www.caritas-fulda.de\">www.caritas-fulda.de<\/a> kann man sich informieren: Alle angebotenen Reisen sind dort ausf\u00fchrlich beschrieben \u2013 dazu bitte auf der Eingangsseite rechts unter Caritas-Angebote den Direktlink anklicken!<!--more--><\/p>\n<p>Die neue Reisesaison 2015 beginnt im April mit einer Reise zur Ostsee: Fehmarn bietet eine frische Meeresbrise und viele M\u00f6glichkeiten f\u00fcr Spazierg\u00e4nge am Strand. Bew\u00e4hrte Ziele in Nah und Fern wie Werder an der Havel, Bad Salzschlirf (Vogelsberg) und Bad Rothenfelde (Teuteborger Wald) bestimmen das Fr\u00fchjahrsprogramm. Im Sommer geht es dann nach Alken an die Mosel, nach Bad F\u00fcssing in Niederbayern oder nach Bad Bevensen am Rande der L\u00fcneburger Heide. Als Ziel n\u00e4her der Heimat bietet sich Bad Wildungen am Kellerwald an. Im Sp\u00e4tsommer und Fr\u00fchherbst runden Reiseangebote nach Bad Bocklet und Dietershausen in der Rh\u00f6n das Programm ab. Den Schlusspunkt setzt Ende September wieder eine Reise ans Meer: Wer sich nochmals den Herbstwind um die Nase wehen lassen will, ist richtig mit dabei, wenn es 15 Tage nach Scharbeutz\/Haffkrug an die Ostsee geht.<\/p>\n<p>Alle Reiseziele haben ihren individuellen besonderen Reiz und bieten sich speziell f\u00fcr \u00e4ltere Menschen an, die gerne reisen, sich aber nicht mehr allein auf den Weg machen wollen sondern daf\u00fcr die Gemeinschaft von Gleichgesinnten bevorzugen. Bei der Auswahl der H\u00e4user wurde darauf geachtet, dass sie den Bedarfen und den Interessenslagen \u00e4lterer Menschen in besonderer Weise entgegen kommen.<\/p>\n","protected":false},"excerpt":{"rendered":"<div class=\"tmnf_excerpt\"><p>Fulda (cif). Das neue Programm der Caritas-Senioren-Reisen f\u00fcr das Jahr 2015 liegt bereits vor und ist f\u00fcr alle Interessierten kostenlos und unverbindlich erh\u00e4ltlich: einfach anfordern beim Caritasverband f\u00fcr die Di\u00f6zese Fulda (Tel.0661 \/ 2428-131 oder per E-Mail unter monika.kuhnke@caritas-fulda.de). Auch online unter www.caritas-fulda.de kann man sich informieren: Alle angebotenen Reisen sind dort ausf\u00fchrlich beschrieben \u2013 &hellip;<\/p>\n<\/div>","protected":false},"author":1,"featured_media":0,"comment_status":"closed","ping_status":"closed","sticky":false,"template":"","format":"standard","meta":{"footnotes":""},"categories":[1,52],"tags":[],"class_list":["post-134102","post","type-post","status-publish","format-standard","hentry","category-startseite","category-umwelt"],"_links":{"self":[{"href":"https:\/\/www.fuldaernachrichten.de\/index.php?rest_route=\/wp\/v2\/posts\/134102","targetHints":{"allow":["GET"]}}],"collection":[{"href":"https:\/\/www.fuldaernachrichten.de\/index.php?rest_route=\/wp\/v2\/posts"}],"about":[{"href":"https:\/\/www.fuldaernachrichten.de\/index.php?rest_route=\/wp\/v2\/types\/post"}],"author":[{"embeddable":true,"href":"https:\/\/www.fuldaernachrichten.de\/index.php?rest_route=\/wp\/v2\/users\/1"}],"replies":[{"embeddable":true,"href":"https:\/\/www.fuldaernachrichten.de\/index.php?rest_route=%2Fwp%2Fv2%2Fcomments&post=134102"}],"version-history":[{"count":1,"href":"https:\/\/www.fuldaernachrichten.de\/index.php?rest_route=\/wp\/v2\/posts\/134102\/revisions"}],"predecessor-version":[{"id":134104,"href":"https:\/\/www.fuldaernachrichten.de\/index.php?rest_route=\/wp\/v2\/posts\/134102\/revisions\/134104"}],"wp:attachment":[{"href":"https:\/\/www.fuldaernachrichten.de\/index.php?rest_route=%2Fwp%2Fv2%2Fmedia&parent=134102"}],"wp:term":[{"taxonomy":"category","embeddable":true,"href":"https:\/\/www.fuldaernachrichten.de\/index.php?rest_route=%2Fwp%2Fv2%2Fcategories&post=134102"},{"taxonomy":"post_tag","embeddable":true,"href":"https:\/\/www.fuldaernachrichten.de\/index.php?rest_route=%2Fwp%2Fv2%2Ftags&post=134102"}],"curies":[{"name":"wp","href":"https:\/\/api.w.org\/{rel}","templated":true}]}}