{"id":134078,"date":"2015-01-22T09:28:32","date_gmt":"2015-01-22T08:28:32","guid":{"rendered":"http:\/\/www.fuldaer-nachrichten.de\/?p=134078"},"modified":"2015-01-22T09:28:32","modified_gmt":"2015-01-22T08:28:32","slug":"osthessenkicker-starten-in-ligasaison-2015-mit-drei-mannschaften","status":"publish","type":"post","link":"https:\/\/www.fuldaernachrichten.de\/?p=134078","title":{"rendered":"Osthessenkicker starten in Ligasaison 2015 mit drei Mannschaften"},"content":{"rendered":"<p>Gro\u00dfenl\u00fcder. Die neue Spielsaison steht vor der T\u00fcr und damit starten f\u00fcr die Osthessenkicker die Ligavorbereitungen. Dabei freut sich der Vorstandsvorsitzende J\u00fcrgen Jordan, dass auch dieses Jahr wieder drei Mannschaften am Spielbetrieb teilnehmen. Die erste Mannschaft, die die Saison 2014 auf Platz 5 der Tabelle beendet hat, spielt wieder in der Landesliga Nord. Die zweite und dritte Mannschaft starten in der Verbandsliga Nord. Die Nachwuchsf\u00f6rderung steht bei der dritten Mannschaft dabei dieses Jahr im Mittelpunkt. <!--more--><\/p>\n<p><strong>Training<\/strong><br \/>\nDas Training der Osthessenkicker findet immer dienstags und freitags ab 20:00 Uhr in den Vereinsr\u00e4umen im L\u00fcderhaus statt. Das Jugendtraining beginnt an beiden Tagen jeweils um 19:00 Uhr.<\/p>\n","protected":false},"excerpt":{"rendered":"<div class=\"tmnf_excerpt\"><p>Gro\u00dfenl\u00fcder. Die neue Spielsaison steht vor der T\u00fcr und damit starten f\u00fcr die Osthessenkicker die Ligavorbereitungen. Dabei freut sich der Vorstandsvorsitzende J\u00fcrgen Jordan, dass auch dieses Jahr wieder drei Mannschaften am Spielbetrieb teilnehmen. Die erste Mannschaft, die die Saison 2014 auf Platz 5 der Tabelle beendet hat, spielt wieder in der Landesliga Nord. Die zweite &hellip;<\/p>\n<\/div>","protected":false},"author":1,"featured_media":0,"comment_status":"closed","ping_status":"closed","sticky":false,"template":"","format":"standard","meta":{"footnotes":""},"categories":[1,46],"tags":[],"class_list":["post-134078","post","type-post","status-publish","format-standard","hentry","category-startseite","category-sport"],"_links":{"self":[{"href":"https:\/\/www.fuldaernachrichten.de\/index.php?rest_route=\/wp\/v2\/posts\/134078","targetHints":{"allow":["GET"]}}],"collection":[{"href":"https:\/\/www.fuldaernachrichten.de\/index.php?rest_route=\/wp\/v2\/posts"}],"about":[{"href":"https:\/\/www.fuldaernachrichten.de\/index.php?rest_route=\/wp\/v2\/types\/post"}],"author":[{"embeddable":true,"href":"https:\/\/www.fuldaernachrichten.de\/index.php?rest_route=\/wp\/v2\/users\/1"}],"replies":[{"embeddable":true,"href":"https:\/\/www.fuldaernachrichten.de\/index.php?rest_route=%2Fwp%2Fv2%2Fcomments&post=134078"}],"version-history":[{"count":1,"href":"https:\/\/www.fuldaernachrichten.de\/index.php?rest_route=\/wp\/v2\/posts\/134078\/revisions"}],"predecessor-version":[{"id":134079,"href":"https:\/\/www.fuldaernachrichten.de\/index.php?rest_route=\/wp\/v2\/posts\/134078\/revisions\/134079"}],"wp:attachment":[{"href":"https:\/\/www.fuldaernachrichten.de\/index.php?rest_route=%2Fwp%2Fv2%2Fmedia&parent=134078"}],"wp:term":[{"taxonomy":"category","embeddable":true,"href":"https:\/\/www.fuldaernachrichten.de\/index.php?rest_route=%2Fwp%2Fv2%2Fcategories&post=134078"},{"taxonomy":"post_tag","embeddable":true,"href":"https:\/\/www.fuldaernachrichten.de\/index.php?rest_route=%2Fwp%2Fv2%2Ftags&post=134078"}],"curies":[{"name":"wp","href":"https:\/\/api.w.org\/{rel}","templated":true}]}}