{"id":134066,"date":"2015-01-21T08:44:55","date_gmt":"2015-01-21T07:44:55","guid":{"rendered":"http:\/\/www.fuldaer-nachrichten.de\/?p=134066"},"modified":"2015-01-21T08:48:53","modified_gmt":"2015-01-21T07:48:53","slug":"20-fuldaer-kanuten-bei-erstem-lehrgang-der-saison","status":"publish","type":"post","link":"https:\/\/www.fuldaernachrichten.de\/?p=134066","title":{"rendered":"20 Fuldaer Kanuten bei erstem Lehrgang der Saison"},"content":{"rendered":"<p><img fetchpriority=\"high\" decoding=\"async\" class=\"alignleft size-thumbnail wp-image-134067\" src=\"http:\/\/www.fuldaer-nachrichten.de\/wp-content\/uploads\/2015\/01\/P1000270-265x199.jpeg\" alt=\"P1000270\" width=\"265\" height=\"199\" srcset=\"https:\/\/www.fuldaernachrichten.de\/wp-content\/uploads\/2015\/01\/P1000270-265x199.jpeg 265w, https:\/\/www.fuldaernachrichten.de\/wp-content\/uploads\/2015\/01\/P1000270.jpeg 600w\" sizes=\"(max-width: 265px) 100vw, 265px\" \/>Fulda. F\u00fcr die Sportler des Kanu-Club-Fulda ging es am Samstag mit dem neuen Vereinsbus nach Wiesbaden zum Saison-Kick-Off Lehrgang 2015. Auf dem Programm stand eine lange Dauerfahrt auf dem Main und Rhein. Die Jugendlichen und Junioren(15-18 Jahre) vom Hessischen-Kanu-Verband(HKV) fuhren eine 18 km lange Strecke zwischen Trebur und Wiesbaden Schierstein. Betreut wurden sie von den beiden Landestrainern Janina Piaskowski und Viktor Massini, den Trainern Josef Baumann und Volker Seibel (Wiesbaden).<!--more--><\/p>\n<p>Die j\u00fcngeren Sch\u00fcler trafen an der Mainm\u00fcndung dazu und paddelten die restlichen 9 km mit ihren Betreuern Gudula Seibel(Wiesbaden), J\u00f6rg Zentgraf und Andreas Dajek. Gemeinsam kamen sie im Schiersteiner Hafen an und konnten bei strahlendem Sonnenschein einen warmen Tee und eine leckere Suppe genie\u00dfen. Die Verpflegung der 26 Teilnehmer aus Fulda und Wiesbaden war durch das Team des WS Wiesbaden gesichert.<\/p>\n<p>F\u00fcr die Rennsportler aus Fulda war es eine gelungene Abwechslung auf der Bundeswasserstra\u00dfe neben dem Schifffahrtsverkehr paddeln zu k\u00f6nnen. Die Sportler des HKV hatten somit einen guten Einstieg in die noch junge Saison 2015 und k\u00f6nnen sich so auf die ersten Rennen im M\u00e4rz freuen. Der Gro\u00dfteil des Rennteams f\u00e4hrt schon am n\u00e4chsten Wochenende weiter auf den Disziplin\u00fcbergreifenden Lehrgang in Nieste.<\/p>\n<p>Text: Sophia Kr\u00f6ning und Celine Dajek<br \/>\nFoto: Andreas Dajek<\/p>\n","protected":false},"excerpt":{"rendered":"<div class=\"tmnf_excerpt\"><p>Fulda. F\u00fcr die Sportler des Kanu-Club-Fulda ging es am Samstag mit dem neuen Vereinsbus nach Wiesbaden zum Saison-Kick-Off Lehrgang 2015. Auf dem Programm stand eine lange Dauerfahrt auf dem Main und Rhein. Die Jugendlichen und Junioren(15-18 Jahre) vom Hessischen-Kanu-Verband(HKV) fuhren eine 18 km lange Strecke zwischen Trebur und Wiesbaden Schierstein. Betreut wurden sie von den &hellip;<\/p>\n<\/div>","protected":false},"author":1,"featured_media":0,"comment_status":"closed","ping_status":"closed","sticky":false,"template":"","format":"standard","meta":{"footnotes":""},"categories":[1,46],"tags":[],"class_list":["post-134066","post","type-post","status-publish","format-standard","hentry","category-startseite","category-sport"],"_links":{"self":[{"href":"https:\/\/www.fuldaernachrichten.de\/index.php?rest_route=\/wp\/v2\/posts\/134066","targetHints":{"allow":["GET"]}}],"collection":[{"href":"https:\/\/www.fuldaernachrichten.de\/index.php?rest_route=\/wp\/v2\/posts"}],"about":[{"href":"https:\/\/www.fuldaernachrichten.de\/index.php?rest_route=\/wp\/v2\/types\/post"}],"author":[{"embeddable":true,"href":"https:\/\/www.fuldaernachrichten.de\/index.php?rest_route=\/wp\/v2\/users\/1"}],"replies":[{"embeddable":true,"href":"https:\/\/www.fuldaernachrichten.de\/index.php?rest_route=%2Fwp%2Fv2%2Fcomments&post=134066"}],"version-history":[{"count":1,"href":"https:\/\/www.fuldaernachrichten.de\/index.php?rest_route=\/wp\/v2\/posts\/134066\/revisions"}],"predecessor-version":[{"id":134068,"href":"https:\/\/www.fuldaernachrichten.de\/index.php?rest_route=\/wp\/v2\/posts\/134066\/revisions\/134068"}],"wp:attachment":[{"href":"https:\/\/www.fuldaernachrichten.de\/index.php?rest_route=%2Fwp%2Fv2%2Fmedia&parent=134066"}],"wp:term":[{"taxonomy":"category","embeddable":true,"href":"https:\/\/www.fuldaernachrichten.de\/index.php?rest_route=%2Fwp%2Fv2%2Fcategories&post=134066"},{"taxonomy":"post_tag","embeddable":true,"href":"https:\/\/www.fuldaernachrichten.de\/index.php?rest_route=%2Fwp%2Fv2%2Ftags&post=134066"}],"curies":[{"name":"wp","href":"https:\/\/api.w.org\/{rel}","templated":true}]}}