{"id":134057,"date":"2015-01-21T08:37:06","date_gmt":"2015-01-21T07:37:06","guid":{"rendered":"http:\/\/www.fuldaer-nachrichten.de\/?p=134057"},"modified":"2015-01-21T08:37:06","modified_gmt":"2015-01-21T07:37:06","slug":"im-internet-fuer-freizeit-und-bildungsprogramm-anmelden","status":"publish","type":"post","link":"https:\/\/www.fuldaernachrichten.de\/?p=134057","title":{"rendered":"Im Internet f\u00fcr Freizeit- und Bildungsprogramm anmelden"},"content":{"rendered":"<p><img fetchpriority=\"high\" decoding=\"async\" class=\"alignleft size-thumbnail wp-image-134058\" src=\"http:\/\/www.fuldaer-nachrichten.de\/wp-content\/uploads\/2015\/01\/026-Online-Anmeldungen-Ferienfreizeiten-265x199.jpg\" alt=\"026-Online-Anmeldungen Ferienfreizeiten\" width=\"265\" height=\"199\" srcset=\"https:\/\/www.fuldaernachrichten.de\/wp-content\/uploads\/2015\/01\/026-Online-Anmeldungen-Ferienfreizeiten-265x199.jpg 265w, https:\/\/www.fuldaernachrichten.de\/wp-content\/uploads\/2015\/01\/026-Online-Anmeldungen-Ferienfreizeiten.jpg 600w\" sizes=\"(max-width: 265px) 100vw, 265px\" \/>Fulda. In fr\u00fcheren Jahren mussten die Teilnehmer bei der Anmeldung f\u00fcr Ferienfreizeiten des Landkreises Fulda viel Geduld aufbringen. Vor dem Kreishaus bildeten sich lange Warteschlangen von Eltern, Kindern und Jugendlichen. Das dichte Gedr\u00e4nge war nicht nur der Attraktivit\u00e4t des Freizeit- und Bildungsprogramms geschuldet, sondern hatte seinen Grund auch im Anmeldeverfahren. Denn die erforderlichen Unterlagen wurden durch Mitarbeiterinnen und Mitarbeiter der Kreisverwaltung pers\u00f6nlich ausgegeben.<!--more--><\/p>\n<p>Seit 2013 geh\u00f6ren die Warteschlagen vor dem Landratsamt zum traditionellen Starttermin f\u00fcr die Anmeldungen an einem Samstag im Januar der Vergangenheit an. Zwar sind die Ferienfreizeiten und Bildungsma\u00dfnahmen weiterhin ausgebucht, jedoch wird jetzt schon zum dritten Mal ein zeitgem\u00e4\u00dfes Anmeldeverfahren praktiziert. Erster Kreisbeigeordneten Dr. Heiko Wingenfeld hatte angeregt, die M\u00f6glichkeit von Online-Abmeldungen zu pr\u00fcfen. Auf diese Weise wollte der Landkreis einen zus\u00e4tzlichen Service bieten und seine Kundenorientierung unter Beweis stellen.<\/p>\n<p>Trotz anf\u00e4nglicher Bedenken hat sich die Anmeldung \u00fcber das Internet bew\u00e4hrt und Nachahmer gefunden. So k\u00f6nnen sich in diesem Jahr erstmals auch Interessenten f\u00fcr Freizeiten und Bildungsma\u00dfnahmen der Stadt Fulda per online anmelden. \u201eDies zeigt, dass wir eine richtungsweisende Entscheidung getroffen haben und in diesem Bereich besser aufgestellt sind als andere nordhessische Jugendhilfetr\u00e4ger\u201c, betont Dominik de Beisac, der beim Landkreis f\u00fcr die Ferienfreizeiten zust\u00e4ndig ist, w\u00e4hrend sich Ann-Katrin Michel um die Bildungsma\u00dfnahmen k\u00fcmmert.<\/p>\n<p>Am kommenden Samstag, 24. Januar, ist es wieder soweit. Um 9.00 Uhr wird auf der Homepage des Landkreises Fulda unter <a href=\"http:\/\/www.landkreis-fulda.de\">www.landkreis-fulda.de<\/a> der Link freigeschaltet, um Anmeldungen f\u00fcr Freizeiten und Bildungsma\u00dfnahmen entgegenzunehmen. Gleiches gilt f\u00fcr die Stadt Fulda unter <a href=\"http:\/\/www.fulda.de\">www.fulda.de<\/a>. Auch wenn davon, so Dominik de Beisac, weniger Gebrauch gemacht werde, seien weiterhin Anmeldungen, die schriftlich oder per Fax eingingen, m\u00f6glich. Diese w\u00fcrden aber erst ab der darauffolgenden Woche von den beiden Jugend\u00e4mtern bearbeitet.<\/p>\n<p>Wer sich bereits vor dem Anmeldestart \u00fcber die Freizeit- und Bildungsprogramme informieren m\u00f6chte, kann dies im Internet auf den beiden Homepages tun und sich die Programm bei Bedarf herunterladen. In gedruckter Form liegen die Programmhefte im Landratsamt und in der Au\u00dfenstelle H\u00fcnfeld, in den Stadt- und Gemeindeverwaltungen sowie im B\u00fcrgerb\u00fcro der Stadt Fulda und im Amt f\u00fcr Jugend und Familie aus. Falls es am n\u00e4chsten Samstag aufgrund des gro\u00dfen Interesses zu Zugriffsengp\u00e4ssen kommen sollte, wird um Verst\u00e4ndnis gebeten.<\/p>\n","protected":false},"excerpt":{"rendered":"<div class=\"tmnf_excerpt\"><p>Fulda. In fr\u00fcheren Jahren mussten die Teilnehmer bei der Anmeldung f\u00fcr Ferienfreizeiten des Landkreises Fulda viel Geduld aufbringen. Vor dem Kreishaus bildeten sich lange Warteschlangen von Eltern, Kindern und Jugendlichen. Das dichte Gedr\u00e4nge war nicht nur der Attraktivit\u00e4t des Freizeit- und Bildungsprogramms geschuldet, sondern hatte seinen Grund auch im Anmeldeverfahren. Denn die erforderlichen Unterlagen wurden &hellip;<\/p>\n<\/div>","protected":false},"author":1,"featured_media":0,"comment_status":"closed","ping_status":"closed","sticky":false,"template":"","format":"standard","meta":{"footnotes":""},"categories":[1,53],"tags":[],"class_list":["post-134057","post","type-post","status-publish","format-standard","hentry","category-startseite","category-bildung"],"_links":{"self":[{"href":"https:\/\/www.fuldaernachrichten.de\/index.php?rest_route=\/wp\/v2\/posts\/134057","targetHints":{"allow":["GET"]}}],"collection":[{"href":"https:\/\/www.fuldaernachrichten.de\/index.php?rest_route=\/wp\/v2\/posts"}],"about":[{"href":"https:\/\/www.fuldaernachrichten.de\/index.php?rest_route=\/wp\/v2\/types\/post"}],"author":[{"embeddable":true,"href":"https:\/\/www.fuldaernachrichten.de\/index.php?rest_route=\/wp\/v2\/users\/1"}],"replies":[{"embeddable":true,"href":"https:\/\/www.fuldaernachrichten.de\/index.php?rest_route=%2Fwp%2Fv2%2Fcomments&post=134057"}],"version-history":[{"count":1,"href":"https:\/\/www.fuldaernachrichten.de\/index.php?rest_route=\/wp\/v2\/posts\/134057\/revisions"}],"predecessor-version":[{"id":134059,"href":"https:\/\/www.fuldaernachrichten.de\/index.php?rest_route=\/wp\/v2\/posts\/134057\/revisions\/134059"}],"wp:attachment":[{"href":"https:\/\/www.fuldaernachrichten.de\/index.php?rest_route=%2Fwp%2Fv2%2Fmedia&parent=134057"}],"wp:term":[{"taxonomy":"category","embeddable":true,"href":"https:\/\/www.fuldaernachrichten.de\/index.php?rest_route=%2Fwp%2Fv2%2Fcategories&post=134057"},{"taxonomy":"post_tag","embeddable":true,"href":"https:\/\/www.fuldaernachrichten.de\/index.php?rest_route=%2Fwp%2Fv2%2Ftags&post=134057"}],"curies":[{"name":"wp","href":"https:\/\/api.w.org\/{rel}","templated":true}]}}